{"id":65310,"date":"2020-08-10T12:44:56","date_gmt":"2020-08-10T15:44:56","guid":{"rendered":"https:\/\/www.actualidadadiario.com\/?p=65310"},"modified":"2020-08-10T12:44:56","modified_gmt":"2020-08-10T15:44:56","slug":"comienzan-a-funcionar-los-gabinetes-tematicos-uno-por-uno-que-tematicas-trataran-y-quienes-los-integraran","status":"publish","type":"post","link":"https:\/\/www.actualidadadiario.com\/index.php\/2020\/08\/10\/comienzan-a-funcionar-los-gabinetes-tematicos-uno-por-uno-que-tematicas-trataran-y-quienes-los-integraran\/","title":{"rendered":"Comienzan a funcionar los gabinetes tem\u00e1ticos: uno por uno, qu\u00e9 tem\u00e1ticas tratar\u00e1n y qui\u00e9nes los integrar\u00e1n"},"content":{"rendered":"<p style=\"text-align: center;\"><em><strong>Se sumar\u00e1n al ya existente gabinete econ\u00f3mico que funciona desde diciembre. Ser\u00e1n interministeriales y se reunir\u00e1n uno por d\u00eda de la semana en la Casa Rosada. Abordar\u00e1n &#8220;distintos ejes&#8221; con el fin de alcanzar la &#8220;recuperaci\u00f3n econ\u00f3mica&#8221;<\/strong><\/em><\/p>\n<p>&nbsp;<\/p>\n<p>&nbsp;<\/p>\n<p>&nbsp;<\/p>\n<p>El Gobierno nacional lanzar\u00e1 hoy cuatro gabinetes &#8220;tem\u00e1ticos e interministeriales&#8221; los cuales tendr\u00e1n reuniones semanales en la Casa Rosada y se sumar\u00e1n desde ma\u00f1ana al Gabinete Econ\u00f3mico con el fin de abordar &#8220;distintos ejes&#8221; para la &#8220;recuperaci\u00f3n econ\u00f3mica&#8221;.<\/p>\n<p>Desde este lunes comenzar\u00e1n a funcionar los gabinetes de &#8220;comercio exterior&#8221;, de &#8220;promoci\u00f3n federal&#8221;, de &#8220;ciudadan\u00eda&#8221; y de &#8220;planificaci\u00f3n urbana&#8221;. &#8220;Ser\u00e1 un Gabinete por d\u00eda, con reuniones semanales en Casa Rosada, abordando distintos ejes de trabajo&#8221;, indicaron fuentes gubernamentales.<\/p>\n<p>El jefe de Gabinete, Santiago Cafiero, defini\u00f3 la conformaci\u00f3n de cinco gabinetes tem\u00e1ticos &#8220;con el objetivo de priorizar la ejecuci\u00f3n de las pol\u00edticas p\u00fablicas de la gesti\u00f3n del gobierno del presidente Alberto Fern\u00e1ndez&#8221;.<\/p>\n<p>&#8220;Tras la exitosa experiencia del gabinete econ\u00f3mico, que mantuvo encuentros semanales desde diciembre y desde donde se decidieron programas como el ATP, el IFE, los cr\u00e9ditos a tasa 0 y los pr\u00e9stamos para pymes al 24 por ciento, desde este lunes comenzar\u00e1n cuatro nuevos gabinetes tem\u00e1ticos &#8220;, resalt\u00f3 la Jefatura de Gabinete en un comunicado.<\/p>\n<p>&nbsp;<\/p>\n<p><strong>Comercio exterior<\/strong><\/p>\n<p>Hoy debutar\u00e1 el primero de esos gabinetes, el de &#8220;comercio exterior&#8221;, que tendr\u00e1 el fin de &#8220;potenciar la producci\u00f3n nacional, la b\u00fasqueda de mercados y la planificaci\u00f3n de la importaci\u00f3n de bienes y servicios que puedan producirse localmente&#8221;, seg\u00fan lo definieron fuentes oficiales.<\/p>\n<p>Encabezado por el jefe de Gabinete, Santiago Cafiero, ser\u00e1 integrado por la vicejefa de Gabinete, Cecilia Todesca Bocco, los titulares del Ministerio de Relaciones Exteriores, Comercio Internacional y Culto, Felipe Sol\u00e1; de Econom\u00eda, Mart\u00edn Guzm\u00e1n, de Agricultura, Ganader\u00eda y Pesca, Luis Basterra; de Desarrollo Productivo, Mat\u00edas Kulfas; de Ambiente y Desarrollo Sostenible, Juan Cabandi\u00e9 y del Banco Central, Miguel Pesce.<\/p>\n<p>Como primeras tem\u00e1ticas, se abordar\u00e1n &#8220;balanza comercial, los bienes transables, cupos de importaci\u00f3n y una apertura comercial estrat\u00e9gica que considere la protecci\u00f3n de recursos e industrias locales&#8221;.<\/p>\n<p>&nbsp;<\/p>\n<p><strong>Planificaci\u00f3n urbana y h\u00e1bitat<\/strong><\/p>\n<p>Los martes se reunir\u00e1 el gabinete de &#8220;planificaci\u00f3n urbana y h\u00e1bitat&#8221; que tendr\u00e1 el objetivo de profundizar las pol\u00edticas de acceso al h\u00e1bitat como dimensi\u00f3n fundamental del desarrollo sustentable y la calidad de vida&#8221;, entre otras.<\/p>\n<p>Lo conformar\u00e1n Cafiero y Todesca Bocco y por los ministros de Desarrollo Territorial y H\u00e1bitat, Mar\u00eda Eugenia Bielsa; Agricultura, Ganader\u00eda y Pesca, Luis Basterra; Desarrollo Social, Daniel Arroyo; Desarrollo Productivo, Mat\u00edas Kulfas y la titular de ANSES, Fernanda Raverta junto su par de la Agencia de Administraci\u00f3n de Bienes del Estado \u2013AABE-, Mart\u00edn Cosentino.<\/p>\n<p>&nbsp;<\/p>\n<p><strong>Gabinete econ\u00f3mico<\/strong><\/p>\n<p>El gabinete econ\u00f3mico ya tiene su turno todos los mi\u00e9rcoles desde diciembre. Usina de la que salieron en plena pandemia de coronavirus todas las medidas de apoyo y protecci\u00f3n al empleo y al trabajo, a las familias, jubilados y sectores no registrados de la econom\u00eda.<\/p>\n<p>Ese gabinete mantendr\u00e1 su conformaci\u00f3n original, encabezado como siempre por Cafiero y Todesca Bocco, y por los ministros de Econom\u00eda, Mart\u00edn Guzm\u00e1n; Desarrollo Productivo, Mat\u00edas Kulfas; y Trabajo, Claudio Moroni; adem\u00e1s de los titulares de la AFIP, Mercedes Marc\u00f3 del Pont; del Banco Central (BCRA), Miguel Pesce, y de la Anses, Fernanda Raverta.<\/p>\n<p>&nbsp;<\/p>\n<p><strong>Promoci\u00f3n federal<\/strong><\/p>\n<p>El jueves ser\u00e1 el debut del gabinete de promoci\u00f3n federal, tambi\u00e9n a las 10, para desarrollar pol\u00edticas espec\u00edficas y equitativas con una mirada federal, con el objetivo de que todos los argentinos tengan acceso a educaci\u00f3n de calidad y bienes culturales, entre otros objetivos.<\/p>\n<p>Estar\u00e1 conformado por Cafiero y Todesca Bocco, y los ministros del Interior, Wado de Pedro; Transporte, Mario Meoni; Educaci\u00f3n, Nicol\u00e1s Trotta; Cultura, Trist\u00e1n Bauer; Turismo y Deportes, Mat\u00edas Lammens y de Obras P\u00fablicas, Gabriel Katopodis.<\/p>\n<p>&nbsp;<\/p>\n<p><strong>Ciudadan\u00eda<\/strong><\/p>\n<p>El viernes se completar\u00e1 la ronda de gabinetes tem\u00e1ticos con el de ciudadan\u00eda, que desde las 10 abordar\u00e1 el acceso a servicios esenciales del Estado, integrado por Cafiero y Todesca Bocco, y los ministros de Ciencia, Tecnolog\u00eda e Innovaci\u00f3n, Roberto Salvarezza; Defensa, Agust\u00edn Rossi; Desarrollo Social, Daniel Arroyo; Educaci\u00f3n, Nicol\u00e1s Trotta; Mujeres, G\u00e9neros y Diversidad, Elizabeth G\u00f3mez Alcorta; de Justicia y Derechos Humanos, Marcela Losardo; Salud, Gin\u00e9s Gonz\u00e1lez Garc\u00eda y Seguridad, Sabina Frederic.<\/p>\n","protected":false},"excerpt":{"rendered":"<p>Se sumar\u00e1n al ya existente gabinete econ\u00f3mico que funciona desde diciembre. Ser\u00e1n interministeriales y se reunir\u00e1n uno por d\u00eda de la semana en la Casa Rosada. Abordar\u00e1n &#8220;distintos ejes&#8221; con el fin de alcanzar la &#8220;recuperaci\u00f3n econ\u00f3mica&#8221; &nbsp; &nbsp; &nbsp; El Gobierno nacional lanzar\u00e1 hoy cuatro gabinetes &#8220;tem\u00e1ticos e interministeriales&#8221; los cuales tendr\u00e1n reuniones semanales en la Casa Rosada y se sumar\u00e1n desde ma\u00f1ana al Gabinete Econ\u00f3mico con el fin de abordar &#8220;distintos ejes&#8221; para la &#8220;recuperaci\u00f3n econ\u00f3mica&#8221;. Desde este lunes comenzar\u00e1n a funcionar los gabinetes de &#8220;comercio exterior&#8221;, de&#8230;<\/p>\n","protected":false},"author":3,"featured_media":65311,"comment_status":"closed","ping_status":"closed","sticky":false,"template":"","format":"standard","meta":[],"categories":[9],"tags":[],"_links":{"self":[{"href":"https:\/\/www.actualidadadiario.com\/index.php\/wp-json\/wp\/v2\/posts\/65310"}],"collection":[{"href":"https:\/\/www.actualidadadiario.com\/index.php\/wp-json\/wp\/v2\/posts"}],"about":[{"href":"https:\/\/www.actualidadadiario.com\/index.php\/wp-json\/wp\/v2\/types\/post"}],"author":[{"embeddable":true,"href":"https:\/\/www.actualidadadiario.com\/index.php\/wp-json\/wp\/v2\/users\/3"}],"replies":[{"embeddable":true,"href":"https:\/\/www.actualidadadiario.com\/index.php\/wp-json\/wp\/v2\/comments?post=65310"}],"version-history":[{"count":1,"href":"https:\/\/www.actualidadadiario.com\/index.php\/wp-json\/wp\/v2\/posts\/65310\/revisions"}],"predecessor-version":[{"id":65312,"href":"https:\/\/www.actualidadadiario.com\/index.php\/wp-json\/wp\/v2\/posts\/65310\/revisions\/65312"}],"wp:featuredmedia":[{"embeddable":true,"href":"https:\/\/www.actualidadadiario.com\/index.php\/wp-json\/wp\/v2\/media\/65311"}],"wp:attachment":[{"href":"https:\/\/www.actualidadadiario.com\/index.php\/wp-json\/wp\/v2\/media?parent=65310"}],"wp:term":[{"taxonomy":"category","embeddable":true,"href":"https:\/\/www.actualidadadiario.com\/index.php\/wp-json\/wp\/v2\/categories?post=65310"},{"taxonomy":"post_tag","embeddable":true,"href":"https:\/\/www.actualidadadiario.com\/index.php\/wp-json\/wp\/v2\/tags?post=65310"}],"curies":[{"name":"wp","href":"https:\/\/api.w.org\/{rel}","templated":true}]}}