{"id":65292,"date":"2020-08-10T12:39:00","date_gmt":"2020-08-10T15:39:00","guid":{"rendered":"https:\/\/www.actualidadadiario.com\/?p=65292"},"modified":"2020-08-10T12:39:00","modified_gmt":"2020-08-10T15:39:00","slug":"la-pandemia-se-extiende-ya-son-12-las-provincias-con-circulacion-comunitaria","status":"publish","type":"post","link":"https:\/\/www.actualidadadiario.com\/index.php\/2020\/08\/10\/la-pandemia-se-extiende-ya-son-12-las-provincias-con-circulacion-comunitaria\/","title":{"rendered":"La pandemia se extiende: ya son 12 las provincias con circulaci\u00f3n comunitaria"},"content":{"rendered":"<p style=\"text-align: center;\"><em><strong>Mientras en el AMBA se duplic\u00f3 la cifra de camas ocupadas desde el 1 de julio, en el resto del pa\u00eds se sextuplic\u00f3. Preocupaci\u00f3n por la situaci\u00f3n en Jujuy<\/strong><\/em><\/p>\n<p>&nbsp;<\/p>\n<p>&nbsp;<\/p>\n<p>La presi\u00f3n del coronavirus sobre el sistema de salud no afloja en el AMBA, pero los rebrotes en el resto del pa\u00eds dan cuenta de que la pandemia no reconoce fronteras y se filtra donde los protocolos se relajan. Ya son 12 las provincias con circulaci\u00f3n comunitaria y en nueve de ellas, m\u00e1s del 40% de los testeos realizados el \u00faltimo viernes dieron positivo.<\/p>\n<p>Los ingresos a terapia con diagn\u00f3stico de Covid tambi\u00e9n replican la tendencia: mientras el AMBA duplic\u00f3 las camas ocupadas desde el 1 de julio (de 533 a 1041), en el resto del pa\u00eds la cifra se sextuplic\u00f3 (de 43 a 252). \u201cTenemos reuniones semanales con todas las provincias porque no es lo mismo la capacidad de respuesta que puede haber en la Ciudad de Buenos Aires que en otras jurisdicciones. En Jujuy hubo un problema de transmisi\u00f3n dentro del personal de salud y hubo que coordinar apoyos. Es un ajedrez permanente\u201d, explica Anal\u00eda Rearte, a cargo de la Direcci\u00f3n Nacional de Epidemiolog\u00eda e Informaci\u00f3n Estrat\u00e9gica del Ministerio de Salud.<\/p>\n<p>\u201cLo que estamos viendo es un aumento real que antes pasaba por AMBA y Chaco, pero que ahora se extendi\u00f3 a todo el pa\u00eds\u201d, contin\u00faa Rearte. \u201cEn CABA est\u00e1 m\u00e1s estabilizado, pero en el Conurbano sigue creciendo de manera constante, sin ser exponencial. El riesgo es que el sistema de salud no d\u00e9 abasto y eso lo estamos siguiendo con cada municipio. El objetivo es ralentizar el aumento de casos\u201d, precisa. Para eso la cartera sanitaria tambi\u00e9n est\u00e1 articulando con facultades de Medicina que colaboran en el territorio tanto con docentes como con estudiantes avanzados. Tambi\u00e9n se brinda asistencia en la carga de datos, mejorando las redes de laboratorio y las v\u00edas de informaci\u00f3n.<\/p>\n<p>\u201cMuchas provincias se prepararon muy bien. Contaban con la experiencia de lo que sucedi\u00f3 en AMBA. Pero ya sabemos que por m\u00e1s que uno haga todo bien, el virus entra. Ning\u00fan pa\u00eds pudo evitarlo. Y con todas las provincias estamos trabajando: a Jujuy fueron m\u00e9dicos y enfermeros. Tambi\u00e9n colaboramos con Santa Cruz y Tierra del Fuego\u201d, ejemplifica Rearte. Y cada situaci\u00f3n implica mirar un abanico de estad\u00edsticas.<\/p>\n<p>Los tiempos de duplicaci\u00f3n dan una referencia importante en los primeros d\u00edas de brote, cuando la base de comparaci\u00f3n es peque\u00f1a. Una vez que el n\u00famero de contagiados es alto, por m\u00e1s que los d\u00edas para duplicar aumenten ya la presi\u00f3n es tan grande sobre el sistema de salud que la referencia pasa a ser las camas de terapia y los respiradores disponibles. Pero cada provincia tambi\u00e9n releva sus propios indicadores, explica Rearte. Y cita como ejemplo el n\u00famero de consultas en unidades febriles o en centros de salud.<\/p>\n<p>Por eso esta semana el Ministerio a\u00f1adi\u00f3 la posibilidad de confirmar como caso positivo a las personas que manifiesten s\u00edntomas de caso sospechoso y convivan con un contagiado confirmado por laboratorio. \u201cEs un criterio cl\u00ednico-epidemiol\u00f3gico que se us\u00f3 en todo el mundo para Covid. Busca eficientizar recursos y tiempos. Hay que tomar en cuenta que es Covid-19 el 99% de los virus respiratorios que circulan. Entonces, es m\u00e1s eficiente para el sistema que cumplas el aislamiento de entrada y evites contagiar a terceros\u201d, a\u00f1ade Rearte.<\/p>\n<p>Todos los casos se registran en el Sistema Nacional de Vigilancia y se computan como positivos, aunque cada jurisdicci\u00f3n puede elegir si incorpora este criterio. El ministro de Salud porte\u00f1o, Fern\u00e1n Quir\u00f3s, explic\u00f3 que la Ciudad no lo har\u00e1 porque cuenta con capacidad en sus laboratorios para testear y dar confirmaci\u00f3n de todos los casos sospechosos.<\/p>\n<p>&nbsp;<\/p>\n<p><strong>Movilidad y relajaci\u00f3n<\/strong><\/p>\n<p>\u201cEs un virus que se transmite entre personas y cuanta m\u00e1s circulaci\u00f3n de personas hay, m\u00e1s avanza el virus\u201d, explica Rearte. \u201cAntes, por cada caso confirmado hab\u00eda que hacer seguimiento a cuatro o cinco contactos que pod\u00edan considerarse estrechos. Pero ahora hay que seguir a 30, porque hay reuniones de m\u00e1s personas. Y ese es un denominador cuantitativo com\u00fan que nos cuentan en todas las provincias a las que estamos apoyando\u201d, detalla y permite entender el nuevo momento de la pandemia.<\/p>\n<p>\u201cPero no es s\u00f3lo la cantidad de gente con la que estamos, sino que adem\u00e1s lo que sucede es que bajamos la percepci\u00f3n de riesgo y disminuimos los cuidados\u201d, a\u00f1ade. \u201cCuando est\u00e1s en un hospital, est\u00e1s atento a todo. Pero en una reuni\u00f3n, baj\u00e1s las barreras\u201d.<\/p>\n<p>A Rearte se le nota el cansancio en la voz mientras dialoga con Tiempo. Pero la jornada laboral todav\u00eda tiene muchas reuniones por delante. Deja un \u00faltimo mensaje antes de continuar. \u201cHace cinco meses que estamos conviviendo con esto y hasta normalizamos el riesgo de enfermar o que el mayor de 60 a\u00f1os se va a morir. Pero todos somos parte de esto porque todos contagiamos. As\u00ed que todos tambi\u00e9n somos parte de la soluci\u00f3n. No se trata de culpabilizar, porque sabemos que nadie lo hace a prop\u00f3sito. Son pautas que cuestan y relajar es normal. Pero tenemos que hacer un esfuerzo m\u00e1s\u201d.<\/p>\n","protected":false},"excerpt":{"rendered":"<p>Mientras en el AMBA se duplic\u00f3 la cifra de camas ocupadas desde el 1 de julio, en el resto del pa\u00eds se sextuplic\u00f3. Preocupaci\u00f3n por la situaci\u00f3n en Jujuy &nbsp; &nbsp; La presi\u00f3n del coronavirus sobre el sistema de salud no afloja en el AMBA, pero los rebrotes en el resto del pa\u00eds dan cuenta de que la pandemia no reconoce fronteras y se filtra donde los protocolos se relajan. Ya son 12 las provincias con circulaci\u00f3n comunitaria y en nueve de ellas, m\u00e1s del 40% de los testeos realizados&#8230;<\/p>\n","protected":false},"author":3,"featured_media":64706,"comment_status":"closed","ping_status":"closed","sticky":false,"template":"","format":"standard","meta":[],"categories":[9],"tags":[],"_links":{"self":[{"href":"https:\/\/www.actualidadadiario.com\/index.php\/wp-json\/wp\/v2\/posts\/65292"}],"collection":[{"href":"https:\/\/www.actualidadadiario.com\/index.php\/wp-json\/wp\/v2\/posts"}],"about":[{"href":"https:\/\/www.actualidadadiario.com\/index.php\/wp-json\/wp\/v2\/types\/post"}],"author":[{"embeddable":true,"href":"https:\/\/www.actualidadadiario.com\/index.php\/wp-json\/wp\/v2\/users\/3"}],"replies":[{"embeddable":true,"href":"https:\/\/www.actualidadadiario.com\/index.php\/wp-json\/wp\/v2\/comments?post=65292"}],"version-history":[{"count":1,"href":"https:\/\/www.actualidadadiario.com\/index.php\/wp-json\/wp\/v2\/posts\/65292\/revisions"}],"predecessor-version":[{"id":65293,"href":"https:\/\/www.actualidadadiario.com\/index.php\/wp-json\/wp\/v2\/posts\/65292\/revisions\/65293"}],"wp:featuredmedia":[{"embeddable":true,"href":"https:\/\/www.actualidadadiario.com\/index.php\/wp-json\/wp\/v2\/media\/64706"}],"wp:attachment":[{"href":"https:\/\/www.actualidadadiario.com\/index.php\/wp-json\/wp\/v2\/media?parent=65292"}],"wp:term":[{"taxonomy":"category","embeddable":true,"href":"https:\/\/www.actualidadadiario.com\/index.php\/wp-json\/wp\/v2\/categories?post=65292"},{"taxonomy":"post_tag","embeddable":true,"href":"https:\/\/www.actualidadadiario.com\/index.php\/wp-json\/wp\/v2\/tags?post=65292"}],"curies":[{"name":"wp","href":"https:\/\/api.w.org\/{rel}","templated":true}]}}