{"id":65289,"date":"2020-08-10T12:37:14","date_gmt":"2020-08-10T15:37:14","guid":{"rendered":"https:\/\/www.actualidadadiario.com\/?p=65289"},"modified":"2020-08-10T12:37:14","modified_gmt":"2020-08-10T15:37:14","slug":"federacion-pone-mas-requisitos-para-quienes-ingresan-provenientes-de-parana","status":"publish","type":"post","link":"https:\/\/www.actualidadadiario.com\/index.php\/2020\/08\/10\/federacion-pone-mas-requisitos-para-quienes-ingresan-provenientes-de-parana\/","title":{"rendered":"Federaci\u00f3n pone m\u00e1s requisitos para quienes ingresan provenientes de Paran\u00e1"},"content":{"rendered":"<p style=\"text-align: center;\"><em><strong>La medida se toma ante la nueva situaci\u00f3n epidemiol\u00f3gica de la ciudad capital de la provincia<\/strong><\/em><\/p>\n<p>&nbsp;<\/p>\n<p>En virtud de la declaraci\u00f3n de \u201cCirculaci\u00f3n comunitaria sostenida\u201d para la ciudad de Paran\u00e1, desde la comuna de Federaci\u00f3n se defini\u00f3 que \u201ctodo ciudadano que provenga desde la ciudad de Paran\u00e1 debe cumplir con el aislamiento sanitario de 14 d\u00edas.\u201d<\/p>\n<p>En ese mismo sentido se precisa que \u201caquel ciudadano de Federaci\u00f3n que, por diferentes motivos, viaje a esa ciudad y regrese, debe hacer cuarentena. En ambos casos es obligatorio.\u201d<\/p>\n<p>Tambi\u00e9n se aclara que \u201cqueda exceptuado el personal que cumple tareas espec\u00edficas, quienes cumplen con un protocolo especial de aislamiento sanitario.\u201d<\/p>\n<p>Subrayando por \u00faltimo que \u201cesto se debe a la actuaci\u00f3n situaci\u00f3n sanitaria de la capital de la provincia.\u201d<\/p>\n","protected":false},"excerpt":{"rendered":"<p>La medida se toma ante la nueva situaci\u00f3n epidemiol\u00f3gica de la ciudad capital de la provincia &nbsp; En virtud de la declaraci\u00f3n de \u201cCirculaci\u00f3n comunitaria sostenida\u201d para la ciudad de Paran\u00e1, desde la comuna de Federaci\u00f3n se defini\u00f3 que \u201ctodo ciudadano que provenga desde la ciudad de Paran\u00e1 debe cumplir con el aislamiento sanitario de 14 d\u00edas.\u201d En ese mismo sentido se precisa que \u201caquel ciudadano de Federaci\u00f3n que, por diferentes motivos, viaje a esa ciudad y regrese, debe hacer cuarentena. En ambos casos es obligatorio.\u201d Tambi\u00e9n se aclara que&#8230;<\/p>\n","protected":false},"author":3,"featured_media":65290,"comment_status":"closed","ping_status":"closed","sticky":false,"template":"","format":"standard","meta":[],"categories":[15],"tags":[],"_links":{"self":[{"href":"https:\/\/www.actualidadadiario.com\/index.php\/wp-json\/wp\/v2\/posts\/65289"}],"collection":[{"href":"https:\/\/www.actualidadadiario.com\/index.php\/wp-json\/wp\/v2\/posts"}],"about":[{"href":"https:\/\/www.actualidadadiario.com\/index.php\/wp-json\/wp\/v2\/types\/post"}],"author":[{"embeddable":true,"href":"https:\/\/www.actualidadadiario.com\/index.php\/wp-json\/wp\/v2\/users\/3"}],"replies":[{"embeddable":true,"href":"https:\/\/www.actualidadadiario.com\/index.php\/wp-json\/wp\/v2\/comments?post=65289"}],"version-history":[{"count":1,"href":"https:\/\/www.actualidadadiario.com\/index.php\/wp-json\/wp\/v2\/posts\/65289\/revisions"}],"predecessor-version":[{"id":65291,"href":"https:\/\/www.actualidadadiario.com\/index.php\/wp-json\/wp\/v2\/posts\/65289\/revisions\/65291"}],"wp:featuredmedia":[{"embeddable":true,"href":"https:\/\/www.actualidadadiario.com\/index.php\/wp-json\/wp\/v2\/media\/65290"}],"wp:attachment":[{"href":"https:\/\/www.actualidadadiario.com\/index.php\/wp-json\/wp\/v2\/media?parent=65289"}],"wp:term":[{"taxonomy":"category","embeddable":true,"href":"https:\/\/www.actualidadadiario.com\/index.php\/wp-json\/wp\/v2\/categories?post=65289"},{"taxonomy":"post_tag","embeddable":true,"href":"https:\/\/www.actualidadadiario.com\/index.php\/wp-json\/wp\/v2\/tags?post=65289"}],"curies":[{"name":"wp","href":"https:\/\/api.w.org\/{rel}","templated":true}]}}