{"id":65283,"date":"2020-08-10T12:35:32","date_gmt":"2020-08-10T15:35:32","guid":{"rendered":"https:\/\/www.actualidadadiario.com\/?p=65283"},"modified":"2020-08-10T12:35:32","modified_gmt":"2020-08-10T15:35:32","slug":"covid-extreman-los-controles-en-el-tunel-por-la-circulacion-comunitaria-en-parana","status":"publish","type":"post","link":"https:\/\/www.actualidadadiario.com\/index.php\/2020\/08\/10\/covid-extreman-los-controles-en-el-tunel-por-la-circulacion-comunitaria-en-parana\/","title":{"rendered":"Covid: Extreman los controles en el t\u00fanel por la \u201ccirculaci\u00f3n comunitaria\u201d en Paran\u00e1"},"content":{"rendered":"<p style=\"text-align: center;\"><em><strong>La Comisi\u00f3n Administradora del T\u00fanel Subfluvial inform\u00f3 que, quienes ingresen a la provincia de Santa Fe desde la ciudad de Paran\u00e1, \u00e1rea definida por el Ministerio de Salud de la Naci\u00f3n como \u201czona de aislamiento social, preventivo y obligatorio\u2019, por circulaci\u00f3n comunitaria de Covid 19, y no se encuentren enmarcados en la n\u00f3mina de excepciones previstas, deber\u00e1n contar con el hisopado o testeo de resultado negativo de antig\u00fcedad no superior a 72 horas<\/strong><\/em><\/p>\n<p>&nbsp;<\/p>\n<p>&nbsp;<\/p>\n<p>La medida fue adoptada anoche en ese enlace interprovincial, luego de que el Gobierno Nacional declarase a la capital entrerriana como \u00e1rea de \u201ccirculaci\u00f3n comunitaria sostenida\u201d de coronavirus a instancias del Comit\u00e9 de Emergencia Sanitaria de la provincia (COES).<\/p>\n<p>Desde El T\u00fanel, en tanto, se\u00f1alaron que la misma se aplica en funci\u00f3n del Decreto N\u00ba 647\/20 rubricado por el Gobernador Omar Perotti el pasado 23 julio, mediante el cual se establecieron nuevas restricciones en los accesos al territorio santafesino.<\/p>\n<p>&nbsp;<\/p>\n<p><strong>Protocolo de Actuaci\u00f3n<\/strong><\/p>\n<p>El protocolo de actuaci\u00f3n para los puestos sanitarios indica que se debe detener el veh\u00edculo, se explica al conductor que se est\u00e1n realizando controles en el marco de la pandemia Covid-19, se le formula verbalmente la pregunta de su estado general de salud y si estuvo enfermo en los \u00faltimos 14 d\u00edas.<\/p>\n<p>Asimismo, se realiza la verificaci\u00f3n del respectivo permiso de circulaci\u00f3n, se efect\u00faa el registro de origen y destino del usuario, y se solicita la exhibici\u00f3n de licencia y documentaci\u00f3n inherente al veh\u00edculo.<\/p>\n<p>En caso de detectarse s\u00edntomas compatibles con el Covid-19, se activa el protocolo respectivo d\u00e1ndose aviso a los agentes de salud que corresponden al puesto, al sistema de salud, y a las autoridades del organismo.<\/p>\n<p>Los controles se realizan en el marco del Plan Accesos Cuidados que el gobierno de la provincia de Santa Fe viene instrumentando en conjunto con el Ministerio de Salud y de la Agencia Provincial de Seguridad Vial (APSV).<\/p>\n<p>&nbsp;<\/p>\n<p><strong>Actividades exceptuadas<\/strong><\/p>\n<p>Las actividades que no requieren la presentaci\u00f3n del hisopado negativo con 72 horas de antelaci\u00f3n a la fecha son:<\/p>\n<p>\u2013 Transporte (automotor de cargas y pasajeros, aerocomercial, fluvial y ferroviario)<\/p>\n<p>\u2013 Personal de salud<\/p>\n<p>\u2013 Personal especializado de mano de obra \u00fanica (ingenieros, t\u00e9cnicos, entre otros)<\/p>\n<p>\u2013 Casos especiales inherentes a la salud personal- Personal de seguridad \u2013 Fuerzas federales<\/p>\n<p>\u2013 Miner\u00eda<\/p>\n<p>En el caso de personas vinculadas a estas tareas ser\u00e1n sometidos a test an\u00e1logos, realizados por el personal sanitario responsable. Adem\u00e1s deber\u00e1n contar con la Declaraci\u00f3n Jurada de Salud, realizada desde la aplicaci\u00f3n (Covid19 Provincia de Santa Fe) o la p\u00e1gina web provincial (santafe.gob.ar\/coronavirus).<\/p>\n<p>Desde la entidad biprovincial apelan a la responsabilidad social de los usuarios provenientes de zonas sin circulaci\u00f3n local de coronavirus, o que se encuentren exceptuados de presentar el testeo negativo.<\/p>\n<p>\u201cSolicitamos paciencia y comprensi\u00f3n a quienes circulen por el viaducto ante eventuales demoras que puedan ocurrir debido a las medidas de control, pero esencialmente apelamos a la responsabilidad social como un factor clave para evitar la propagaci\u00f3n del virus y sobrellevar de la mejor manera la dif\u00edcil situaci\u00f3n que se plantea\u201d, sostuvieron desde el emblem\u00e1tico enlace interprovincial que une Santa Fe con Entre R\u00edos.<\/p>\n","protected":false},"excerpt":{"rendered":"<p>La Comisi\u00f3n Administradora del T\u00fanel Subfluvial inform\u00f3 que, quienes ingresen a la provincia de Santa Fe desde la ciudad de Paran\u00e1, \u00e1rea definida por el Ministerio de Salud de la Naci\u00f3n como \u201czona de aislamiento social, preventivo y obligatorio\u2019, por circulaci\u00f3n comunitaria de Covid 19, y no se encuentren enmarcados en la n\u00f3mina de excepciones previstas, deber\u00e1n contar con el hisopado o testeo de resultado negativo de antig\u00fcedad no superior a 72 horas &nbsp; &nbsp; La medida fue adoptada anoche en ese enlace interprovincial, luego de que el Gobierno Nacional&#8230;<\/p>\n","protected":false},"author":3,"featured_media":65284,"comment_status":"closed","ping_status":"closed","sticky":false,"template":"","format":"standard","meta":[],"categories":[15],"tags":[],"_links":{"self":[{"href":"https:\/\/www.actualidadadiario.com\/index.php\/wp-json\/wp\/v2\/posts\/65283"}],"collection":[{"href":"https:\/\/www.actualidadadiario.com\/index.php\/wp-json\/wp\/v2\/posts"}],"about":[{"href":"https:\/\/www.actualidadadiario.com\/index.php\/wp-json\/wp\/v2\/types\/post"}],"author":[{"embeddable":true,"href":"https:\/\/www.actualidadadiario.com\/index.php\/wp-json\/wp\/v2\/users\/3"}],"replies":[{"embeddable":true,"href":"https:\/\/www.actualidadadiario.com\/index.php\/wp-json\/wp\/v2\/comments?post=65283"}],"version-history":[{"count":1,"href":"https:\/\/www.actualidadadiario.com\/index.php\/wp-json\/wp\/v2\/posts\/65283\/revisions"}],"predecessor-version":[{"id":65285,"href":"https:\/\/www.actualidadadiario.com\/index.php\/wp-json\/wp\/v2\/posts\/65283\/revisions\/65285"}],"wp:featuredmedia":[{"embeddable":true,"href":"https:\/\/www.actualidadadiario.com\/index.php\/wp-json\/wp\/v2\/media\/65284"}],"wp:attachment":[{"href":"https:\/\/www.actualidadadiario.com\/index.php\/wp-json\/wp\/v2\/media?parent=65283"}],"wp:term":[{"taxonomy":"category","embeddable":true,"href":"https:\/\/www.actualidadadiario.com\/index.php\/wp-json\/wp\/v2\/categories?post=65283"},{"taxonomy":"post_tag","embeddable":true,"href":"https:\/\/www.actualidadadiario.com\/index.php\/wp-json\/wp\/v2\/tags?post=65283"}],"curies":[{"name":"wp","href":"https:\/\/api.w.org\/{rel}","templated":true}]}}