{"id":65280,"date":"2020-08-10T12:33:59","date_gmt":"2020-08-10T15:33:59","guid":{"rendered":"https:\/\/www.actualidadadiario.com\/?p=65280"},"modified":"2020-08-10T12:33:59","modified_gmt":"2020-08-10T15:33:59","slug":"confirman-dos-nuevos-casos-de-coronavirus-en-chajari","status":"publish","type":"post","link":"https:\/\/www.actualidadadiario.com\/index.php\/2020\/08\/10\/confirman-dos-nuevos-casos-de-coronavirus-en-chajari\/","title":{"rendered":"Confirman dos nuevos casos de coronavirus en Chajar\u00ed"},"content":{"rendered":"<p style=\"text-align: center;\"><em><strong>Desde el Hospital Santa Rosa de Chajar\u00ed se inform\u00f3 este lunes que se han recibido los resultados de las 9 muestras que estaban pendientes. En ese sentido, 7 de ellas fueron descartadas y dos dieron positivo<\/strong><\/em><\/p>\n<p>&nbsp;<\/p>\n<p>Seg\u00fan se indic\u00f3, los dos nuevos casos positivos corresponden a Chajar\u00ed y su nexos epidemiol\u00f3gicos est\u00e1n en estudio.<\/p>\n<p>&nbsp;<\/p>\n<p><strong>Aislamiento<\/strong><\/p>\n<p>Se encuentran aisladas 43 personas que son contactos estrechos de casos positivos o de casos sospechosos: 32 Chajar\u00ed \u2013 11 Villa del Rosario.<\/p>\n<p>Se encuentran en seguimiento 17 personas que estuvieron en zona de circulaci\u00f3n del virus. Y fueron dadas de alta 752 personas que ya cumplieron con el aislamiento.<\/p>\n<p>&nbsp;<\/p>\n<p><strong>Muestreos totales<\/strong><\/p>\n<ul>\n<li>355 descartados (256 Chajar\u00ed \u2013 64 Villa del Rosario \u2013 28 Santa Ana \u2013 1 Federaci\u00f3n \u2013 3 C. La Florida \u2013 2 C. Santa Juana \u2013 1 C. Racedo).<\/li>\n<li>0 en estudio.<\/li>\n<li>118 casos positivos registrados (35 Chajar\u00ed \u2013 18 Villa del Rosario \u2013 64 Santa Ana \u2013 1 La Florida).<\/li>\n<li>109 altas (27 Chajar\u00ed \u2013 18 Villa del Rosario \u2013 63 Santa Ana \u2013 1 La Florida).<\/li>\n<li>2 fallecidos (Santa Ana \u2013 Chajar\u00ed).<\/li>\n<li>7 casos activos (Chajar\u00ed).<\/li>\n<\/ul>\n","protected":false},"excerpt":{"rendered":"<p>Desde el Hospital Santa Rosa de Chajar\u00ed se inform\u00f3 este lunes que se han recibido los resultados de las 9 muestras que estaban pendientes. En ese sentido, 7 de ellas fueron descartadas y dos dieron positivo &nbsp; Seg\u00fan se indic\u00f3, los dos nuevos casos positivos corresponden a Chajar\u00ed y su nexos epidemiol\u00f3gicos est\u00e1n en estudio. &nbsp; Aislamiento Se encuentran aisladas 43 personas que son contactos estrechos de casos positivos o de casos sospechosos: 32 Chajar\u00ed \u2013 11 Villa del Rosario. Se encuentran en seguimiento 17 personas que estuvieron en zona&#8230;<\/p>\n","protected":false},"author":3,"featured_media":65281,"comment_status":"closed","ping_status":"closed","sticky":false,"template":"","format":"standard","meta":[],"categories":[15],"tags":[],"_links":{"self":[{"href":"https:\/\/www.actualidadadiario.com\/index.php\/wp-json\/wp\/v2\/posts\/65280"}],"collection":[{"href":"https:\/\/www.actualidadadiario.com\/index.php\/wp-json\/wp\/v2\/posts"}],"about":[{"href":"https:\/\/www.actualidadadiario.com\/index.php\/wp-json\/wp\/v2\/types\/post"}],"author":[{"embeddable":true,"href":"https:\/\/www.actualidadadiario.com\/index.php\/wp-json\/wp\/v2\/users\/3"}],"replies":[{"embeddable":true,"href":"https:\/\/www.actualidadadiario.com\/index.php\/wp-json\/wp\/v2\/comments?post=65280"}],"version-history":[{"count":1,"href":"https:\/\/www.actualidadadiario.com\/index.php\/wp-json\/wp\/v2\/posts\/65280\/revisions"}],"predecessor-version":[{"id":65282,"href":"https:\/\/www.actualidadadiario.com\/index.php\/wp-json\/wp\/v2\/posts\/65280\/revisions\/65282"}],"wp:featuredmedia":[{"embeddable":true,"href":"https:\/\/www.actualidadadiario.com\/index.php\/wp-json\/wp\/v2\/media\/65281"}],"wp:attachment":[{"href":"https:\/\/www.actualidadadiario.com\/index.php\/wp-json\/wp\/v2\/media?parent=65280"}],"wp:term":[{"taxonomy":"category","embeddable":true,"href":"https:\/\/www.actualidadadiario.com\/index.php\/wp-json\/wp\/v2\/categories?post=65280"},{"taxonomy":"post_tag","embeddable":true,"href":"https:\/\/www.actualidadadiario.com\/index.php\/wp-json\/wp\/v2\/tags?post=65280"}],"curies":[{"name":"wp","href":"https:\/\/api.w.org\/{rel}","templated":true}]}}