{"id":65272,"date":"2020-08-10T12:31:28","date_gmt":"2020-08-10T15:31:28","guid":{"rendered":"https:\/\/www.actualidadadiario.com\/?p=65272"},"modified":"2020-08-10T12:31:28","modified_gmt":"2020-08-10T15:31:28","slug":"este-lunes-se-registraron-68-nuevos-casos-de-coronavirus-en-entre-rios","status":"publish","type":"post","link":"https:\/\/www.actualidadadiario.com\/index.php\/2020\/08\/10\/este-lunes-se-registraron-68-nuevos-casos-de-coronavirus-en-entre-rios\/","title":{"rendered":"Este lunes se registraron 68 nuevos casos de coronavirus en Entre R\u00edos"},"content":{"rendered":"<p style=\"text-align: center;\"><em><strong>El \u00e1rea de Vigilancia Epidemiol\u00f3gica del Ministerio de Salud, confirm\u00f3 que este lunes en Entre R\u00edos se registraron 68 nuevos casos de coronavirus<\/strong><\/em><\/p>\n<p>&nbsp;<\/p>\n<p>&nbsp;<\/p>\n<p>Los primeros 52 fueron detectados en el Departamento Paran\u00e1. 45 corresponden a la ciudad capital, de los cuales 29 tuvieron contacto estrecho con casos confirmados previamente y 16, sus nexos epidemiol\u00f3gicos se encuentran en estudio.<\/p>\n<p>Asimismo, en la localidad de Viale se confirm\u00f3 un caso, contacto estrecho de uno previamente diagnosticado de Covid-19. En tanto, en las localidades de San Benito, Colonia Celina y El Pingo, se detectaron dos casos en cada lugar, respectivamente. De todos ellos sus respectivos nexos epidemiol\u00f3gicos se encuentran en investigaci\u00f3n.<\/p>\n<p>Otros 14 detectados pertenecen a la localidad de Gualeguaych\u00fa, cuatro de ellos tuvieron contacto estrecho con casos confirmados con anterioridad de Covid-19, dos presentan antecedente de viaje a la provincia de Buenos Aires y los respectivos nexos epidemiol\u00f3gicos de los ocho restantes se encuentran en investigaci\u00f3n.<\/p>\n<p>Finalmente, en la ciudad de Chajar\u00ed -Departamento Federaci\u00f3n- se confirmaron los \u00faltimos dos casos cuyos antecedentes epidemiol\u00f3gicos se est\u00e1n investigando actualmente.<\/p>\n<p>De ese modo, en la provincia son 1.184 los casos confirmados.<\/p>\n","protected":false},"excerpt":{"rendered":"<p>El \u00e1rea de Vigilancia Epidemiol\u00f3gica del Ministerio de Salud, confirm\u00f3 que este lunes en Entre R\u00edos se registraron 68 nuevos casos de coronavirus &nbsp; &nbsp; Los primeros 52 fueron detectados en el Departamento Paran\u00e1. 45 corresponden a la ciudad capital, de los cuales 29 tuvieron contacto estrecho con casos confirmados previamente y 16, sus nexos epidemiol\u00f3gicos se encuentran en estudio. Asimismo, en la localidad de Viale se confirm\u00f3 un caso, contacto estrecho de uno previamente diagnosticado de Covid-19. En tanto, en las localidades de San Benito, Colonia Celina y El&#8230;<\/p>\n","protected":false},"author":3,"featured_media":60942,"comment_status":"closed","ping_status":"closed","sticky":false,"template":"","format":"standard","meta":[],"categories":[9],"tags":[],"_links":{"self":[{"href":"https:\/\/www.actualidadadiario.com\/index.php\/wp-json\/wp\/v2\/posts\/65272"}],"collection":[{"href":"https:\/\/www.actualidadadiario.com\/index.php\/wp-json\/wp\/v2\/posts"}],"about":[{"href":"https:\/\/www.actualidadadiario.com\/index.php\/wp-json\/wp\/v2\/types\/post"}],"author":[{"embeddable":true,"href":"https:\/\/www.actualidadadiario.com\/index.php\/wp-json\/wp\/v2\/users\/3"}],"replies":[{"embeddable":true,"href":"https:\/\/www.actualidadadiario.com\/index.php\/wp-json\/wp\/v2\/comments?post=65272"}],"version-history":[{"count":1,"href":"https:\/\/www.actualidadadiario.com\/index.php\/wp-json\/wp\/v2\/posts\/65272\/revisions"}],"predecessor-version":[{"id":65273,"href":"https:\/\/www.actualidadadiario.com\/index.php\/wp-json\/wp\/v2\/posts\/65272\/revisions\/65273"}],"wp:featuredmedia":[{"embeddable":true,"href":"https:\/\/www.actualidadadiario.com\/index.php\/wp-json\/wp\/v2\/media\/60942"}],"wp:attachment":[{"href":"https:\/\/www.actualidadadiario.com\/index.php\/wp-json\/wp\/v2\/media?parent=65272"}],"wp:term":[{"taxonomy":"category","embeddable":true,"href":"https:\/\/www.actualidadadiario.com\/index.php\/wp-json\/wp\/v2\/categories?post=65272"},{"taxonomy":"post_tag","embeddable":true,"href":"https:\/\/www.actualidadadiario.com\/index.php\/wp-json\/wp\/v2\/tags?post=65272"}],"curies":[{"name":"wp","href":"https:\/\/api.w.org\/{rel}","templated":true}]}}