{"id":65269,"date":"2020-08-10T12:30:25","date_gmt":"2020-08-10T15:30:25","guid":{"rendered":"https:\/\/www.actualidadadiario.com\/?p=65269"},"modified":"2020-08-10T12:30:25","modified_gmt":"2020-08-10T15:30:25","slug":"la-ministra-de-salud-de-entre-rios-advirtio-que-vienen-dias-con-muchos-casos-positivos","status":"publish","type":"post","link":"https:\/\/www.actualidadadiario.com\/index.php\/2020\/08\/10\/la-ministra-de-salud-de-entre-rios-advirtio-que-vienen-dias-con-muchos-casos-positivos\/","title":{"rendered":"La ministra de Salud de Entre R\u00edos advirti\u00f3 que vienen d\u00edas \u201ccon muchos casos positivos\u201d"},"content":{"rendered":"<p style=\"text-align: center;\"><em><strong>La Ministra de Salud provincial advirti\u00f3 que vienen d\u00edas \u201ccon muchos casos positivos\u201d y pidi\u00f3 \u201ctomar conciencia de lo que significa\u201d tener transmisi\u00f3n comunitaria sostenida en Paran\u00e1<\/strong><\/em><\/p>\n<p>&nbsp;<\/p>\n<p>En una extensa entrevista, la ministra de Salud de la provincia, Sonia Vel\u00e1zquez, analiz\u00f3 las implicancias que tiene la pandemia de coronavirus en Entre R\u00edos y las medidas que se fueron tomando para controlar el nivel de contagios. Advirti\u00f3 que vienen d\u00edas \u201ccon muchos casos positivos\u201d y pidi\u00f3 \u201ctomar conciencia de lo que significa\u201d tener transmisi\u00f3n comunitaria sostenida en Paran\u00e1.<\/p>\n<p>En declaraciones realizadas al programa A Quien Corresponda (Radio De la Plaza), Vel\u00e1zquez afirm\u00f3 que \u201cdesde el Comit\u00e9 de Emergencia siempre fuimos advirtiendo todo este escenario que iba a pasar, primero porque la flexibilizaci\u00f3n de actividades implica mayor movilidad de personas, y esto pasa en todo el mundo, y luego dijimos que el comportamiento social que se ve\u00eda era una poblaci\u00f3n que segu\u00eda tomando mate en grupo y hab\u00eda juntadas clandestinas y sociales, y obviamente que ese comportamiento iba a devenir en el escenario que estamos atravesando en este momento\u201d.<\/p>\n<p>\u201cPor eso cuando se declara una situaci\u00f3n epidemiol\u00f3gica como sucedi\u00f3 en Paran\u00e1, de transmisi\u00f3n local por conglomerado, ya es un alerta del sistema sanitario para que se tomen medidas pero tambi\u00e9n se puedan sensibilizar las conductas sociales, por lo tanto lo que desde el punto de vista sanitario estuvimos alertando e informando que la situaci\u00f3n ven\u00eda compleja porque segu\u00edamos viendo movimiento importante y esto iba devenir en este escenario que luego se confirm\u00f3 pasando a una nueva clasificaci\u00f3n epidemiol\u00f3gica\u201d, explic\u00f3.<\/p>\n<p>En tal sentido, adelant\u00f3 que \u201clo que se viene ser\u00e1n varios d\u00edas, incluso hoy es bastante complejo, con un n\u00famero importante de casos porque se sigue trabajando en la detecci\u00f3n oportuna, en la vigilancia, nominalizando, individualizando y evaluando l confirmaci\u00f3n por nexo epidemiol\u00f3gico en los contactos estrechos, tanto en convivientes como en los grupos sociales en los que han interactuado quienes son Covid positivo\u201d.<\/p>\n<p>&nbsp;<\/p>\n<p><strong>Nuevos brotes<\/strong><\/p>\n<p>Record\u00f3 que ya hace varias semanas se ven\u00eda advirtiendo \u201csobre el tercer brote que se esperaba, porque el virus se viene comportando como ciclos de brotes, pero se esperaba que sean mucho m\u00e1s leves que los anteriores, pero en este caso la foto que estamos teniendo hoy es de 10 o 15 atr\u00e1s\u201d.<\/p>\n<p>Ante ello, alert\u00f3 que \u201cel escenario que se espera es obviamente es de un cuarto y un quinto brote, pero todo va a depender de las medidas que se tomen en este momento\u201d y recalc\u00f3 que \u201cpor eso tambi\u00e9n cuando pasamos de transmisi\u00f3n local por conglomerado se esperan medidas activas y complementarias, no solamente desde salud donde desarrollamos todas las medidas que corresponden, y lo que significa esta alerta sanitaria que estamos teniendo es que se pueda disminuir la circulaci\u00f3n de personas\u201d.<\/p>\n<p>\u201cEl alerta que planteamos es que el virus est\u00e1 circulando en la ciudad, est\u00e1 conviviendo con nosotros, y por lo tanto las personas que circulan sin las medidas de protecci\u00f3n universal, est\u00e1n expuestas al virus. Por lo tanto esperamos que pueda aplanarse la curva, porque el sistema sanitario va teniendo un equilibrio porque se prepar\u00f3, pero no se prepar\u00f3 para que se contagien todas las personas ya que hay situaciones de complejidad en todos los pacientes \u2013leves, moderados y cr\u00edticos- y por lo tanto tambi\u00e9n hubo fallecidos en los \u00faltimos d\u00edas y hoy el 50% de las consultas por patolog\u00edas respiratorias corresponden a Covid. Por eso necesitamos ir teniendo un equilibrio porque no queremos que colapse el sistema, y para eso se necesitan medidas agresivas y conjuntas con el fin de detener la transmisi\u00f3n lo m\u00e1ximo posible para poder administrar el sistema sanitario\u201d, explicit\u00f3 la funcionaria.<\/p>\n<p>En este contexto, inform\u00f3 que \u201choy hay siete internados en Unidad de Terapia Intensiva (UTI) con Covid \u2013seis en Paran\u00e1 y una en Concordia- y del total de camas p\u00fablicas que son 115, hay 55 ocupadas y quedan 60 disponibles para todas las patolog\u00edas; mientras que del sector privado hay un total de 143 camas de las cuales 56 est\u00e1n ocupadas y 87 disponibles\u201d.<\/p>\n<p>No obstante, refiri\u00f3 que \u201cel disponible total es de 147 camas, pero la atenci\u00f3n de pacientes Covid no es solamente en la UTI sino que hay toda una log\u00edstica tambi\u00e9n para la atenci\u00f3n del paciente moderado y leve que requieren de una vigilancia y una atenci\u00f3n cl\u00ednica, sobretodo porque seg\u00fan indican los profesionales m\u00e9dicos, son pacientes que se desfuncionalizan r\u00e1pidamente y hay que tenerlo monitoreado de forma institucional por equipos profesionales\u201d.<\/p>\n<p>&nbsp;<\/p>\n<p><strong>El regreso de los entrenamientos<\/strong><\/p>\n<p>Consultada respecto del inicio de los entrenamientos de los clubes de f\u00fatbol, Vel\u00e1zquez advirti\u00f3 que \u201cdesde el punto de vista sanitario, lo ideal ser\u00eda que no tendr\u00eda que haberse aprobado\u201d esta actividad \u201cporque estamos en una ciudad con transmisi\u00f3n comunitaria\u201d.<\/p>\n<p>\u201cNo s\u00e9 si toma conciencia de lo que significa estar con transmisi\u00f3n comunitaria sostenida en la ciudad. Los protocolos han sido elaborados y evaluados por profesionales, pero entiendo que si hay conciencia de que estamos en una ciudad que est\u00e1 con status sanitario que no quisi\u00e9ramos tener, es para estar observando\u201d, apunt\u00f3.<\/p>\n<p>\u201cUna nueva actividad hoy en la ciudad no es lo recomendable, y otras ciudades han revisado sus actividades ante esta nueva clasificaci\u00f3n epidemiol\u00f3gica\u201d, sostuvo la ministra y compar\u00f3 que en Gualeguaych\u00fa donde est\u00e1n entrenado dos seleccionados ol\u00edmpicos argentinos \u201chay transmisi\u00f3n por conglomerado, no se han duplicado los casos como sucede en este momento en Paran\u00e1, y por lo tanto es otra situaci\u00f3n epidemiol\u00f3gica la que tiene hoy la ciudad de Gualeguaych\u00fa\u201d.<\/p>\n<p>&nbsp;<\/p>\n<p><strong>El monitoreo de la provincia<\/strong><\/p>\n<p>Consultada por el seguimiento de la situaci\u00f3n provincial, Vel\u00e1zquez mencion\u00f3 que \u201creci\u00e9n se termin\u00f3 de elaborar el documento de clasificaci\u00f3n de las distintas localidades de Entre R\u00edos porque hay criterios cl\u00ednicos y epidemiol\u00f3gicos para la atenci\u00f3n de pacientes \u2013no solamente para la definici\u00f3n de caso sospechoso- seg\u00fan de qu\u00e9 ciudad provengan\u201d.<\/p>\n<p>Apunt\u00f3 que \u201cla ciudad de Gualeguaych\u00fa todav\u00eda est\u00e1 con transmisi\u00f3n local por conglomerado, otras ciudades como Ram\u00edrez, Diamante y Chajar\u00ed est\u00e1n con casos m\u00e1s espor\u00e1dicos y sostenidos pero no han pasado a transmisi\u00f3n local. Vamos monitoreando todas las ciudades y adem\u00e1s hay que tener muy en cuenta y que importa cuando se declara una nueva clasificaci\u00f3n epidemiol\u00f3gica, es que ahora todas las personas que van desde Paran\u00e1 a otra ciudad y presenten uno o dos criterios para la definici\u00f3n de caso sospechoso estar\u00e1n consideradas de una ciudad de circulaci\u00f3n activa, por lo tanto los equipos de salud deben estar m\u00e1s alertas cuando atienden a una persona que llega desde Paran\u00e1\u201d.<\/p>\n<p>Asimismo, destac\u00f3 que \u201cen el \u00faltimo tiempo Paran\u00e1 no solamente derram\u00f3 casos en localidades del \u00e1rea metropolitana, San Benito, Oro Verde y Colonia Avellaneda, sino tambi\u00e9n en todo el Departamento, en este momento se sumaron Hasenkamp y Viale que est\u00e1n con casos desde el fin de semana y lo que ocurre es la necesidad de estar muy alerta a las personas que van de Paran\u00e1\u201d.<\/p>\n<p>&nbsp;<\/p>\n<p><strong>Nueva definici\u00f3n de caso positivo<\/strong><\/p>\n<p>Consultada por la decisi\u00f3n del gobierno nacional de cambiar los criterios para definir los casos positivos de Covid, la ministra explic\u00f3 que \u201cen Entre R\u00edos ya est\u00e1 incorporado porque es una situaci\u00f3n que est\u00e1 vigente en \u00e1reas de transmisi\u00f3n comunitaria, y estos casos ser\u00e1n considerados confirmados a los efectos de las medidas y control, y no requieren estudio para diagn\u00f3stico etiol\u00f3gico, salvo en grupos de riesgo: gestante, personal de salud o fallecidos sin causa que s\u00ed ser\u00e1n confirmados por PCR\u201d.<\/p>\n<p>Aclar\u00f3 que \u201ctodo contacto estrecho convivientes con un caso Covid positivo confirmado por laboratorio y con s\u00edntomas, ser\u00e1 considerado positivo\u201d.<\/p>\n<p>&nbsp;<\/p>\n<p><strong>Paranaenses con problemas para circular<\/strong><\/p>\n<p>Ante la situaci\u00f3n que se produce desde este lunes en Santa Fe, donde se exige a los paranaenses un hisopado con resultado negativo para poder ingresar a la provincia, Vel\u00e1zquez afirm\u00f3 que \u201cal cambiar Paran\u00e1 de status sanitario toda persona que se traslade de Paran\u00e1 a otro lugar tendr\u00e1 que hacer cuarentena o asumir lo que indique cada ciudad\u201d. \u201cLo mismo sucedi\u00f3 con las personas que llegaban desde CABA o provincia de Buenos Aires. Ahora para las personas de Paran\u00e1 cambia much\u00edsimo porque somos una ciudad considerada con circulaci\u00f3n activa\u201d.<\/p>\n<p>En tal sentido, afirm\u00f3 que \u201cse est\u00e1 trabajando con los equipos de salud, porque al inicio de la pandemia Santa Fe tuvo transmisi\u00f3n comunitaria y nos pusimos de acuerdo y compartimos algunos criterios porque hay muchos profesionales de la salud y de otras \u00e1reas que trabajan en ambas ciudades\u201d.<\/p>\n<p>&nbsp;<\/p>\n<p><strong>Panorama a futuro<\/strong><\/p>\n<p>En otro orden de cosas, la ministra sostuvo que \u201cen cualquier ciudad puede haber rebrote, Paran\u00e1 tiene esta composici\u00f3n de tener muchos habitantes y por lo tanto hay mayor posibilidad de convivencias sociales\u201d.<\/p>\n<p>\u201cSi se mira la foto de Paran\u00e1 en cuanto al modo en que se han distribuido los casos positivos y los contactos estrechos preocupa porque est\u00e1 en todas las regiones de la ciudad\u201d, advirti\u00f3.<\/p>\n<p>En ese marco, alert\u00f3 que \u201cuna persona que viaja a otra ciudad y establece una alta propagaci\u00f3n del virus con otras personas puede comprometer o exponer a esa ciudad, y esto se da independientemente del mes porque est\u00e1 considerado que el virus no es estacional, va a sobrevivir el per\u00edodo del invierno y hasta que no aparezca la vacuna tenemos que ir administrando en forma estrat\u00e9gica e inteligente e ir pensando c\u00f3mo seguir en forma conjunta con todos los sectores\u201d.<\/p>\n<p>\u201cEsto va a depender mucho de las conductas colectivas y de las conductas individuales. Si no hay concientizaci\u00f3n y se subestima este virus plante\u00e1ndolo como una gripe normal o que est\u00e1 asociado al invierno, no hay opciones porque esas cuestiones son falsas y el virus sobrevive al invierno\u201d.<\/p>\n<p>De todos modos, destac\u00f3 que \u201cen septiembre u octubre es probable que no estemos conviviendo con otras patolog\u00edas respiratorias, como la bronquiolitis o la influenza, que fueron muy escasas en este tiempo por las medidas de acci\u00f3n y prevenci\u00f3n del Ministerio de Salud y porque los pibes no estuvieron en la escuela\u201d.<\/p>\n<p>&nbsp;<\/p>\n<p><strong>Apertura de gimnasios y actividades deportivas<\/strong><\/p>\n<p>Consultada al respecto, Vel\u00e1zquez remarc\u00f3: \u201cEstamos muy a favor de la actividad f\u00edsica porque es complementaria al buen estado social y sanitario y siempre hemos promovido al deporte, lo que planteamos es lo que sucede despu\u00e9s de la actividad deportiva\u201d.<\/p>\n<p>En ese sentido, coment\u00f3: \u201cTodos los Ministerios de Salud de las provincias fuimos consultados acerca de lo que ve\u00edamos por la vigilancia epidemiol\u00f3gica sobre las fuentes de contagio y lo que se vio es que los contagios estuvieron en las mateadas y en las fiestas o juntadas sociales y familiares sin respetar las medidas de protecci\u00f3n universal, por eso el DNU fue tan contundente a nivel nacional\u201d.<\/p>\n<p>\u201cPor eso la preocupaci\u00f3n es por lo que sucede despu\u00e9s de una actividad deportiva, porque se sigue subestimando al virus y no hay concientizaci\u00f3n de que se expone much\u00edsimo a personas con factores de riesgo. Adem\u00e1s hay efectos cr\u00edticos que van sucediendo despu\u00e9s de pasada la enfermedad, hay secuelas especialmente para recuperar la capacidad respiratoria. Por eso hay que desarrollar las actividades con todos los protocolos correspondientes\u201d, analiz\u00f3.<\/p>\n<p>Asimismo, plante\u00f3 que \u201ctambi\u00e9n se analiza que las actividades econ\u00f3micas o comerciales no han sido el detonante por donde se han contagiado la mayor\u00eda de los casos; s\u00ed hay actividades econ\u00f3micas que fueron alcanzadas \u2013 como sucedi\u00f3 en Paran\u00e1- por alg\u00fan caso positivo directo o indirecto y la afectaci\u00f3n laboral ha sido importante por lo tanto vamos a estar con instituciones abiertas con trabajadores enfermos, y ese es el sentido de concientizar y tener mucha atenci\u00f3n sobre lo que significa esta pandemia\u201d.<\/p>\n<p>\u201cLa pandemia es un problema de salud p\u00fablica mundial que afect\u00f3 la vida de miles de millones de personas, y a nivel nacional tambi\u00e9n. Muchos han estado en sus casas por meses y han cambiado completamente el ritmo de vida y es comprensible que quieran salir y recuperar sus vidas, pero los trabajadores de salud tambi\u00e9n estamos con una fatiga propia de estar cinco meses al frente de este pandemia, y hay que entender que no se va a volver a la vieja normalidad por mucho tiempo. Por esto hay que ir concientizando y buscando nuevas estrategias para la nueva normalidad y ver c\u00f3mo adaptamos nuestras actividades para respetar los protocolos y disminuir la propagaci\u00f3n del virus\u201d, reflexion\u00f3 la ministra.<\/p>\n<p>Y como conclusi\u00f3n, indic\u00f3 que \u201clo cierto es que en Paran\u00e1 con circulaci\u00f3n activa y sostenida, hoy se necesita bajar la transmisi\u00f3n, bajar el nivel de contagiosidad porque este virus es altamente contagioso, y disminuir el contacto f\u00edsico con las personas, lo que implica disminuir las juntadas, los encuentros y acatar las medidas de protecci\u00f3n universal\u201d.<\/p>\n","protected":false},"excerpt":{"rendered":"<p>La Ministra de Salud provincial advirti\u00f3 que vienen d\u00edas \u201ccon muchos casos positivos\u201d y pidi\u00f3 \u201ctomar conciencia de lo que significa\u201d tener transmisi\u00f3n comunitaria sostenida en Paran\u00e1 &nbsp; En una extensa entrevista, la ministra de Salud de la provincia, Sonia Vel\u00e1zquez, analiz\u00f3 las implicancias que tiene la pandemia de coronavirus en Entre R\u00edos y las medidas que se fueron tomando para controlar el nivel de contagios. Advirti\u00f3 que vienen d\u00edas \u201ccon muchos casos positivos\u201d y pidi\u00f3 \u201ctomar conciencia de lo que significa\u201d tener transmisi\u00f3n comunitaria sostenida en Paran\u00e1. En declaraciones&#8230;<\/p>\n","protected":false},"author":3,"featured_media":65270,"comment_status":"closed","ping_status":"closed","sticky":false,"template":"","format":"standard","meta":[],"categories":[9],"tags":[],"_links":{"self":[{"href":"https:\/\/www.actualidadadiario.com\/index.php\/wp-json\/wp\/v2\/posts\/65269"}],"collection":[{"href":"https:\/\/www.actualidadadiario.com\/index.php\/wp-json\/wp\/v2\/posts"}],"about":[{"href":"https:\/\/www.actualidadadiario.com\/index.php\/wp-json\/wp\/v2\/types\/post"}],"author":[{"embeddable":true,"href":"https:\/\/www.actualidadadiario.com\/index.php\/wp-json\/wp\/v2\/users\/3"}],"replies":[{"embeddable":true,"href":"https:\/\/www.actualidadadiario.com\/index.php\/wp-json\/wp\/v2\/comments?post=65269"}],"version-history":[{"count":1,"href":"https:\/\/www.actualidadadiario.com\/index.php\/wp-json\/wp\/v2\/posts\/65269\/revisions"}],"predecessor-version":[{"id":65271,"href":"https:\/\/www.actualidadadiario.com\/index.php\/wp-json\/wp\/v2\/posts\/65269\/revisions\/65271"}],"wp:featuredmedia":[{"embeddable":true,"href":"https:\/\/www.actualidadadiario.com\/index.php\/wp-json\/wp\/v2\/media\/65270"}],"wp:attachment":[{"href":"https:\/\/www.actualidadadiario.com\/index.php\/wp-json\/wp\/v2\/media?parent=65269"}],"wp:term":[{"taxonomy":"category","embeddable":true,"href":"https:\/\/www.actualidadadiario.com\/index.php\/wp-json\/wp\/v2\/categories?post=65269"},{"taxonomy":"post_tag","embeddable":true,"href":"https:\/\/www.actualidadadiario.com\/index.php\/wp-json\/wp\/v2\/tags?post=65269"}],"curies":[{"name":"wp","href":"https:\/\/api.w.org\/{rel}","templated":true}]}}