{"id":65261,"date":"2020-08-06T13:39:20","date_gmt":"2020-08-06T16:39:20","guid":{"rendered":"https:\/\/www.actualidadadiario.com\/?p=65261"},"modified":"2020-08-06T13:39:20","modified_gmt":"2020-08-06T16:39:20","slug":"lula-mas-cerca-de-una-candidatura-presidencial","status":"publish","type":"post","link":"https:\/\/www.actualidadadiario.com\/index.php\/2020\/08\/06\/lula-mas-cerca-de-una-candidatura-presidencial\/","title":{"rendered":"Lula, m\u00e1s cerca de una candidatura presidencial"},"content":{"rendered":"<p style=\"text-align: center;\"><em><strong>La Sala II del Supremo Tribunal Federal consider\u00f3 que el exjuez Sergio Moro, responsable de la megacausa Lava Jato, fue parcial en el juzgamiento del expresidente<\/strong><\/em><\/p>\n<p>&nbsp;<\/p>\n<p>&nbsp;<\/p>\n<p>Luiz In\u00e1cio Lula da Silva obtuvo una victoria en el Supremo Tribunal Federal que allana el camino, a\u00fan lejano y lleno de imponderables, hacia su candidatura presidencial en 2022, la m\u00e1s temida por Jair Bolsonaro que ya est\u00e1 en campa\u00f1a con vistas a su reelecci\u00f3n.<\/p>\n<p>La Sala II del Supremo consider\u00f3 que el ex juez Sergio Moro, responsable de la megacausa Lava Jato, fue parcial en el juzgamiento de Lula al divulgar en los medios una delaci\u00f3n premiada pocos d\u00edas antes de las elecciones de octubre de 2018 vencidas por Bolsonaro.<\/p>\n<p>En esa misma resoluci\u00f3n los jueces Ricardo Lewandowski y Gilmar Mendes anularon la confesi\u00f3n del arrepentido Antonio Palocci en un proceso sobre un terreno que iba a ser donado por la constructora Odebrecht para erigir las oficinas de una fundaci\u00f3n del exmandatario en San Pablo. Igual que en otras confesiones, la de Palocci (fue ministro de Lula), es un relato en el que sobran las imputaciones pero faltan los documentos o evidencias que les den sustento.<\/p>\n<p>Moro en su condici\u00f3n de responsable de esta causa pionera en la &#8220;lawfare&#8221; latinoamericana, utiliz\u00f3 la delaci\u00f3n premiada para intimidar a los imputados quienes, a cambio de su libertad o reducci\u00f3n de sus penas, declaraban aquello que les era &#8220;sugerido&#8221; por los fiscales.<\/p>\n<p>A trav\u00e9s de la coacci\u00f3n (algunos sospechan que tambi\u00e9n hubo pagos ilegales) Lava Jato logr\u00f3 quebrar a varios procesados cuyas denuncias ser\u00edan utilizadas para la condena y posterior prisi\u00f3n durante casi 600 d\u00edas del l\u00edder del Partido de los Trabajadores, que de ese modo fue impedido de disputar los comicios de 2018 en los que era favorito. Pese a estar proscripto Lula fue, desde la c\u00e1rcel, el padrino del candidato petista Fernando Haddad .En el fallo aprobado el martes a la noche en el Supremo, los magistrados Lewandowski y Mendes se refieren a Moro como alguien con actitudes &#8220;extravagantes&#8221; que se condujo de manera &#8220;heterodoxa&#8221;, sin apego a la ley, y con la aparente intenci\u00f3n de &#8220;interferir&#8221; en los comicios.<\/p>\n<p>Fue una votaci\u00f3n apretada, vencida por de dos votos a uno, este \u00faltimo emitido por el juez Edson Fachin.<\/p>\n<p>Los otros dos miembros de ese Sala II, los magistrados Carmen Lucia y Celso de Mello, no votaron el martes pero seguramente lo har\u00e1n en los pr\u00f3ximos meses cuando se analice una acci\u00f3n promovida por los defensores de Lula que piden anular todo lo actuado por Moro.<\/p>\n<p>En su alegato los patrocinantes del expresidente citan como evidencia casi irrefutable, que luego de las arbitrariedades de Moro en plena campa\u00f1a, el vencedor de las elecciones, Bolsonaro, lo nombr\u00f3 ministro, o mejor super ministro de Justicia, algo bastante parecido a un premio por los servicios que prest\u00f3.<\/p>\n<p>Si en la pr\u00f3xima audiencia del Supremo se llegara a la conclusi\u00f3n de que Moro viol\u00f3 el principio de la imparcialidad Lula ser\u00eda inocentada y recuperar\u00e1 sus derechos pol\u00edticos. Esto es: estar\u00e1 de vuelta en carrera para pelear la presidencia dentro de dos a\u00f1os. En una entrevista realizada este fin de semana Lula, que gobern\u00f3 entre 2003 y 2011, admiti\u00f3 que no descarta la idea de disputar un tercer mandato.Los exministros Ricardo Berzoini y Gilberto Carvalho, ambos petistas, participaron este mi\u00e9rcoles en programa del canal Forum que llev\u00f3 por t\u00edtulo &#8221; \u00bf Lula 2022 ?.<\/p>\n<p>Para Berzoini la decisi\u00f3n del Supremo ech\u00f3 luz sobre las &#8220;maniobras&#8221; del de Moro para &#8220;sacar al Lula da las elecciones y derrotar al proyecto democr\u00e1tico popular que gobern\u00f3 entre 2003 y 2016 (cuando fue derrocada Dilma Rousseff), y que podr\u00eda haber ganado la quinta elecci\u00f3n consecutiva en 2018&#8221;.<\/p>\n<p>Lava Jato tuvo a Moro como cara visible pero su poder emanaba del hecho de que fue &#8220;teleguiada por los norteamericanos&#8221;, se\u00f1al\u00f3 Carvalho.Y agreg\u00f3, &#8220;no estamos ingenuamente ilusionados con esta medida del Supremo, todav\u00eda falta mucho, la noche es larga, pero la verdad comenz\u00f3 a aparecer&#8221;.Pero adem\u00e1s de la anulaci\u00f3n de la condena jur\u00eddica es necesario acabar con la &#8220;condena medi\u00e1tica de la TV Globo&#8221;.<\/p>\n<p>Carvalho despach\u00f3 durante ocho a\u00f1os junto a la oficina de Lula (al que llama &#8221; Lulita &#8220;) en el tercer piso del Palacio del Planalto. Sonriente, el ex ministro cont\u00f3 que festej\u00f3\u00a0 el fallo del Supremo que sienta un &#8220;precedente importante&#8221;.<\/p>\n<p>Si los comentarios y rostros de los dirigentes petistas rebosaban de optimismo, lo contrario ocurr\u00eda en la tiendas moristas. En el grupo Globo la noticia fue tratada sin la envergadura debida y analizada de manera sesgada, equiparando la derrota del ex juez en el Supremo con un debilitamiento de la justicia.<\/p>\n<p>En su condici\u00f3n de empresa de noticias y entretenimientos hegem\u00f3nica Globo fue la gestora de la matriz de opini\u00f3n que convirti\u00f3 a Moro, un remoto juez de primera instancia del sur del pa\u00eds, en un rock star tratado con indulgencia en el Jornal Nacional, el telediario nocturno de m\u00e1s audiencia.<\/p>\n<p>Cabe hacer un paralelo entre el desprestigio creciente de Moro \u2013 pese a que su popularidad sigue siendo alta y es un potencial candidato en 2022 \u2013 y la credibilidad devaluada de Globo, cuya supremac\u00eda comienza a tambalear ante el avance del multimedios evang\u00e9lico Record y la norteamericana CNN, que acaba de desembarcar en Brasil con el evidente prop\u00f3sito de liderar el segmento noticioso.<\/p>\n<p>La decisi\u00f3n del Supremo cay\u00f3 como una bomba en el equipo de fiscales de Lava Jato, grupo que se hac\u00eda llamar &#8220;fuerza de tareas&#8221;.El m\u00e1s golpeado es el todav\u00eda fiscal y activista evang\u00e9lico, Deltan Dallagnol, a quien le cupo la tarea (sucia) de montar las acusaciones contra Lula en coludio con Moro, seg\u00fan revel\u00f3 el sitio The Intercept, con base en mensajes de texto y grabaciones a trav\u00e9s de la aplicaci\u00f3n Telegram.<\/p>\n<p>Esa investigaci\u00f3n period\u00edstica fue devastadora para la &#8220;Rep\u00fablica de Curitiba&#8221;, la ciudad donde funcionaba el juzgado federal de primera instancia comandado por Moro. Junto a las revelaciones sobre la complicidad del juez y los fiscales, se inform\u00f3 sobre los acuerdos ilegales con el FBI norteamericano y la manipulaci\u00f3n de informaciones sensibles de Petrobras que al parecer fueron cedidas a las autoridades norteamericanas.<\/p>\n<p>Todo lo anterior es parte del arsenal del bloque de diputados petistas que exigen la creaci\u00f3n una Comisi\u00f3n Parlamentaria Investigadora, para actuar en paralelo a la causa sustanciada en la Corte. Si las informaciones aparecidas en The Intercept se confirman no se descarta que Moro pueda ser procesado y que Dallagnol sea separado de sus funciones actuales en lo que queda de la &#8220;fuerza de tares&#8221; de Lava Jato. Es un ajedrez jur\u00eddico-pol\u00edtico complejo, donde Lula tambi\u00e9n se beneficia de la ruptura entre Bolsonaro y Moro, luego de la renuncia de \u00e9ste al ministerio de justicia a fines de abril. Pero los pactos entre la ultraderecha y la derecha podr\u00edan regenerase ante el resurgimiento de la amenaza que para ellos representa Lula.<\/p>\n","protected":false},"excerpt":{"rendered":"<p>La Sala II del Supremo Tribunal Federal consider\u00f3 que el exjuez Sergio Moro, responsable de la megacausa Lava Jato, fue parcial en el juzgamiento del expresidente &nbsp; &nbsp; Luiz In\u00e1cio Lula da Silva obtuvo una victoria en el Supremo Tribunal Federal que allana el camino, a\u00fan lejano y lleno de imponderables, hacia su candidatura presidencial en 2022, la m\u00e1s temida por Jair Bolsonaro que ya est\u00e1 en campa\u00f1a con vistas a su reelecci\u00f3n. La Sala II del Supremo consider\u00f3 que el ex juez Sergio Moro, responsable de la megacausa Lava&#8230;<\/p>\n","protected":false},"author":3,"featured_media":65262,"comment_status":"closed","ping_status":"closed","sticky":false,"template":"","format":"standard","meta":[],"categories":[4],"tags":[],"_links":{"self":[{"href":"https:\/\/www.actualidadadiario.com\/index.php\/wp-json\/wp\/v2\/posts\/65261"}],"collection":[{"href":"https:\/\/www.actualidadadiario.com\/index.php\/wp-json\/wp\/v2\/posts"}],"about":[{"href":"https:\/\/www.actualidadadiario.com\/index.php\/wp-json\/wp\/v2\/types\/post"}],"author":[{"embeddable":true,"href":"https:\/\/www.actualidadadiario.com\/index.php\/wp-json\/wp\/v2\/users\/3"}],"replies":[{"embeddable":true,"href":"https:\/\/www.actualidadadiario.com\/index.php\/wp-json\/wp\/v2\/comments?post=65261"}],"version-history":[{"count":1,"href":"https:\/\/www.actualidadadiario.com\/index.php\/wp-json\/wp\/v2\/posts\/65261\/revisions"}],"predecessor-version":[{"id":65263,"href":"https:\/\/www.actualidadadiario.com\/index.php\/wp-json\/wp\/v2\/posts\/65261\/revisions\/65263"}],"wp:featuredmedia":[{"embeddable":true,"href":"https:\/\/www.actualidadadiario.com\/index.php\/wp-json\/wp\/v2\/media\/65262"}],"wp:attachment":[{"href":"https:\/\/www.actualidadadiario.com\/index.php\/wp-json\/wp\/v2\/media?parent=65261"}],"wp:term":[{"taxonomy":"category","embeddable":true,"href":"https:\/\/www.actualidadadiario.com\/index.php\/wp-json\/wp\/v2\/categories?post=65261"},{"taxonomy":"post_tag","embeddable":true,"href":"https:\/\/www.actualidadadiario.com\/index.php\/wp-json\/wp\/v2\/tags?post=65261"}],"curies":[{"name":"wp","href":"https:\/\/api.w.org\/{rel}","templated":true}]}}