{"id":65258,"date":"2020-08-06T13:38:36","date_gmt":"2020-08-06T16:38:36","guid":{"rendered":"https:\/\/www.actualidadadiario.com\/?p=65258"},"modified":"2020-08-06T13:38:36","modified_gmt":"2020-08-06T16:38:36","slug":"alemania-vive-su-peor-rebrote-de-coronavirus-en-tres-meses","status":"publish","type":"post","link":"https:\/\/www.actualidadadiario.com\/index.php\/2020\/08\/06\/alemania-vive-su-peor-rebrote-de-coronavirus-en-tres-meses\/","title":{"rendered":"Alemania vive su peor rebrote de coronavirus en tres meses"},"content":{"rendered":"<p style=\"text-align: center;\"><em><strong>Se reportaron m\u00e1s de 1000 casos nuevos, algo que no ocurr\u00eda desde comienzos de mayo<\/strong><\/em><\/p>\n<p>&nbsp;<\/p>\n<p>&nbsp;<\/p>\n<p>El centro de control de enfermedades infecciosas de Alemania anunci\u00f3 hoy que 1.045 personas dieron positivo de coronavirus en las \u00faltimas 24 horas, el mayor incremento diario en tres meses en medio de un resurgimiento de la enfermedad en Europa.<\/p>\n<p>El aumento r\u00e9cord llega d\u00edas despu\u00e9s de que la asociaci\u00f3n m\u00e9dica m\u00e1s importante de Alemania asegurara que el pa\u00eds ya transita su segunda ola de coronavirus luego de haber dado por controlada la primera y levantado la mayor\u00eda de las restricciones en mayo pasado.<\/p>\n<p>El Instituto Robert Koch dijo en un comunicado que se trata de la primera vez desde el 7 de mayo que Alemania reporta m\u00e1s de 1.000 casos en un d\u00eda, cifra que todav\u00eda est\u00e1 lejos del pico de m\u00e1s de 6.000 de principios de abril.<\/p>\n<p>Aunque el n\u00famero de infecciones que se informan a diario es bastante cambiante, la cifra anunciada hoy se inscribe en un patr\u00f3n de aumento paulatino de los contagios que comenz\u00f3 en semanas recientes en coincidencia con rebrotes en diferentes partes del pa\u00eds.<\/p>\n<p>Alemania registr\u00f3 hasta el momento un total de 9.175 muertes por el virus sobre m\u00e1s de 213.000 casos confirmados, una tasa de letalidad menor que muchos pa\u00edses con poblaciones similares.<\/p>\n<p>El repunte se enmarca en un resurgimiento general del coronavirus en varios pa\u00edses de Europa, que ya hab\u00eda superado su primera ola de contagios, incluyendo Espa\u00f1a, Francia, Reino Unido, B\u00e9lgica y Polonia, Rep\u00fablica Checa, entre otros.<\/p>\n","protected":false},"excerpt":{"rendered":"<p>Se reportaron m\u00e1s de 1000 casos nuevos, algo que no ocurr\u00eda desde comienzos de mayo &nbsp; &nbsp; El centro de control de enfermedades infecciosas de Alemania anunci\u00f3 hoy que 1.045 personas dieron positivo de coronavirus en las \u00faltimas 24 horas, el mayor incremento diario en tres meses en medio de un resurgimiento de la enfermedad en Europa. El aumento r\u00e9cord llega d\u00edas despu\u00e9s de que la asociaci\u00f3n m\u00e9dica m\u00e1s importante de Alemania asegurara que el pa\u00eds ya transita su segunda ola de coronavirus luego de haber dado por controlada la&#8230;<\/p>\n","protected":false},"author":3,"featured_media":65259,"comment_status":"closed","ping_status":"closed","sticky":false,"template":"","format":"standard","meta":[],"categories":[4],"tags":[],"_links":{"self":[{"href":"https:\/\/www.actualidadadiario.com\/index.php\/wp-json\/wp\/v2\/posts\/65258"}],"collection":[{"href":"https:\/\/www.actualidadadiario.com\/index.php\/wp-json\/wp\/v2\/posts"}],"about":[{"href":"https:\/\/www.actualidadadiario.com\/index.php\/wp-json\/wp\/v2\/types\/post"}],"author":[{"embeddable":true,"href":"https:\/\/www.actualidadadiario.com\/index.php\/wp-json\/wp\/v2\/users\/3"}],"replies":[{"embeddable":true,"href":"https:\/\/www.actualidadadiario.com\/index.php\/wp-json\/wp\/v2\/comments?post=65258"}],"version-history":[{"count":1,"href":"https:\/\/www.actualidadadiario.com\/index.php\/wp-json\/wp\/v2\/posts\/65258\/revisions"}],"predecessor-version":[{"id":65260,"href":"https:\/\/www.actualidadadiario.com\/index.php\/wp-json\/wp\/v2\/posts\/65258\/revisions\/65260"}],"wp:featuredmedia":[{"embeddable":true,"href":"https:\/\/www.actualidadadiario.com\/index.php\/wp-json\/wp\/v2\/media\/65259"}],"wp:attachment":[{"href":"https:\/\/www.actualidadadiario.com\/index.php\/wp-json\/wp\/v2\/media?parent=65258"}],"wp:term":[{"taxonomy":"category","embeddable":true,"href":"https:\/\/www.actualidadadiario.com\/index.php\/wp-json\/wp\/v2\/categories?post=65258"},{"taxonomy":"post_tag","embeddable":true,"href":"https:\/\/www.actualidadadiario.com\/index.php\/wp-json\/wp\/v2\/tags?post=65258"}],"curies":[{"name":"wp","href":"https:\/\/api.w.org\/{rel}","templated":true}]}}