{"id":65252,"date":"2020-08-06T13:37:06","date_gmt":"2020-08-06T16:37:06","guid":{"rendered":"https:\/\/www.actualidadadiario.com\/?p=65252"},"modified":"2020-08-06T13:37:06","modified_gmt":"2020-08-06T16:37:06","slug":"en-chile-los-legisladores-comienzan-a-debatir-el-impuesto-a-los-super-ricos","status":"publish","type":"post","link":"https:\/\/www.actualidadadiario.com\/index.php\/2020\/08\/06\/en-chile-los-legisladores-comienzan-a-debatir-el-impuesto-a-los-super-ricos\/","title":{"rendered":"En Chile, los legisladores comienzan a debatir el impuesto a los &#8220;s\u00faper ricos&#8221;"},"content":{"rendered":"<p style=\"text-align: center;\"><em><strong>El denominado \u201cimpuesto a los s\u00faper ricos\u201d procurar\u00e1 en Chile gravar, por una sola vez, a aquellos cuyas fortunas superen los 22 millones de d\u00f3lares, si sortea el tr\u00e1mite parlamentario<\/strong><\/em><\/p>\n<p>&nbsp;<\/p>\n<p>&nbsp;<\/p>\n<p>La finalidad que esgrimen los legisladores consiste en recoger recursos para financiar la crisis econ\u00f3mica ocasionada por el Covid-19.<\/p>\n<p>El proyecto presentado el 1 de junio por la oposici\u00f3n iniciar\u00e1 la pr\u00f3xima semana su tr\u00e1mite en la Comisi\u00f3n de Constituci\u00f3n, luego de que el debate programado para este mi\u00e9rcoles 5 de agosto de 2020 fuera suspendido.<\/p>\n<p>El ministro secretario general de la Presidencia, Cristi\u00e1n Monckeberg, anticip\u00f3 lo que ser\u00e1 una posici\u00f3n de rechazo del Gobierno frente a la propuesta.<\/p>\n<p>\u201cYa hemos conversado con quienes conocen de esta materia a profundidad y esperamos razonabilidad en el debate y en las decisiones que tomemos y que no sean decisiones \u00fanica y exclusivamente pensando en el rating. Est\u00e1 todo por verse&#8221;, dijo en declaraciones a una radioemisora.<\/p>\n<p>En Chile es visto por quienes lo promueven como una manera de recaudar recursos para atender a la poblaci\u00f3n m\u00e1s vulnerable, en momentos en que el coronavirus ha creado una brecha a\u00fan m\u00e1s profunda: m\u00e1s de 70 multimillonarios latinoamericanos han visto crecer sus fortunas en lo que va de pandemia.<\/p>\n","protected":false},"excerpt":{"rendered":"<p>El denominado \u201cimpuesto a los s\u00faper ricos\u201d procurar\u00e1 en Chile gravar, por una sola vez, a aquellos cuyas fortunas superen los 22 millones de d\u00f3lares, si sortea el tr\u00e1mite parlamentario &nbsp; &nbsp; La finalidad que esgrimen los legisladores consiste en recoger recursos para financiar la crisis econ\u00f3mica ocasionada por el Covid-19. El proyecto presentado el 1 de junio por la oposici\u00f3n iniciar\u00e1 la pr\u00f3xima semana su tr\u00e1mite en la Comisi\u00f3n de Constituci\u00f3n, luego de que el debate programado para este mi\u00e9rcoles 5 de agosto de 2020 fuera suspendido. El ministro&#8230;<\/p>\n","protected":false},"author":3,"featured_media":65253,"comment_status":"closed","ping_status":"closed","sticky":false,"template":"","format":"standard","meta":[],"categories":[4],"tags":[],"_links":{"self":[{"href":"https:\/\/www.actualidadadiario.com\/index.php\/wp-json\/wp\/v2\/posts\/65252"}],"collection":[{"href":"https:\/\/www.actualidadadiario.com\/index.php\/wp-json\/wp\/v2\/posts"}],"about":[{"href":"https:\/\/www.actualidadadiario.com\/index.php\/wp-json\/wp\/v2\/types\/post"}],"author":[{"embeddable":true,"href":"https:\/\/www.actualidadadiario.com\/index.php\/wp-json\/wp\/v2\/users\/3"}],"replies":[{"embeddable":true,"href":"https:\/\/www.actualidadadiario.com\/index.php\/wp-json\/wp\/v2\/comments?post=65252"}],"version-history":[{"count":1,"href":"https:\/\/www.actualidadadiario.com\/index.php\/wp-json\/wp\/v2\/posts\/65252\/revisions"}],"predecessor-version":[{"id":65254,"href":"https:\/\/www.actualidadadiario.com\/index.php\/wp-json\/wp\/v2\/posts\/65252\/revisions\/65254"}],"wp:featuredmedia":[{"embeddable":true,"href":"https:\/\/www.actualidadadiario.com\/index.php\/wp-json\/wp\/v2\/media\/65253"}],"wp:attachment":[{"href":"https:\/\/www.actualidadadiario.com\/index.php\/wp-json\/wp\/v2\/media?parent=65252"}],"wp:term":[{"taxonomy":"category","embeddable":true,"href":"https:\/\/www.actualidadadiario.com\/index.php\/wp-json\/wp\/v2\/categories?post=65252"},{"taxonomy":"post_tag","embeddable":true,"href":"https:\/\/www.actualidadadiario.com\/index.php\/wp-json\/wp\/v2\/tags?post=65252"}],"curies":[{"name":"wp","href":"https:\/\/api.w.org\/{rel}","templated":true}]}}