{"id":65242,"date":"2020-08-06T13:33:36","date_gmt":"2020-08-06T16:33:36","guid":{"rendered":"https:\/\/www.actualidadadiario.com\/?p=65242"},"modified":"2020-08-06T13:33:36","modified_gmt":"2020-08-06T16:33:36","slug":"el-gobierno-lanza-el-programa-potenciar-acompanamiento","status":"publish","type":"post","link":"https:\/\/www.actualidadadiario.com\/index.php\/2020\/08\/06\/el-gobierno-lanza-el-programa-potenciar-acompanamiento\/","title":{"rendered":"El Gobierno lanza el programa Potenciar Acompa\u00f1amiento"},"content":{"rendered":"<p style=\"text-align: center;\"><em><strong>Quienes formen parte del plan acceder\u00e1n mensualmente una ayuda equivalente a la mitad del salario m\u00ednimo, vital y m\u00f3vil, que estar\u00e1 bancarizada. Recibir\u00e1n tambi\u00e9n formaci\u00f3n para el aprendizaje de trabajo y la finalizaci\u00f3n de estudios. \u201cEl objetivo es acompa\u00f1arlas y acompa\u00f1arlos en la salida de ese proceso&#8221;, informaron desde el Gobierno<\/strong><\/em><\/p>\n<p>&nbsp;<\/p>\n<p>&nbsp;<\/p>\n<p>El gobierno nacional lanzar\u00e1 este mediod\u00eda el programa Potenciar Acompa\u00f1amiento, destinado a j\u00f3venes que a atraviesan consumos problem\u00e1ticos y a los que se les brindar\u00e1 formaci\u00f3n para el aprendizaje de trabajo y la finalizaci\u00f3n de estudios, adem\u00e1s de un respaldo econ\u00f3mico de 8.500 pesos.<\/p>\n<p>El programa est\u00e1 destinado j\u00f3venes que tengan problemas de adicciones y que atraviesan la \u00faltima etapa de un proceso de acompa\u00f1amiento en alguno de los dispositivos de abordaje de la red territorial dependientes de la Secretar\u00eda de Pol\u00edticas Integrales sobre Drogas (Sedronar).<\/p>\n<p>Potenciar Acompa\u00f1amiento est\u00e1 bancarizado y el monto mensual que percibir\u00e1n sus beneficiarios ser\u00e1 de 8.500 pesos, la mitad del salario m\u00ednimo, vital y m\u00f3vil. El plan dependiente del Estado se implementar\u00e1 en todo el pa\u00eds a trav\u00e9s de organizaciones de la sociedad civil que trabajan en conjunto con la Sedronar.<\/p>\n<p>\u201cEl objetivo es acompa\u00f1arlas y acompa\u00f1arlos en la salida de ese proceso para que puedan construir un proyecto de vida saludable, dentro de su comunidad, a trav\u00e9s de la formaci\u00f3n para el trabajo y la terminalidad educativa\u201d, se\u00f1al\u00f3 un comunicado oficial.<\/p>\n<p>La puesta en marcha de la iniciativa del Ministerio de Desarrollo Social tendr\u00e1 lugar en la localidad bonaerense de General Rodr\u00edguez, al oeste de la provincia. Estar\u00e1 encabezada por el jefe de Gabinete, Santiago Cafiero, el ministro Daniel Arroyo y referentes de organizaciones como el padre Pepe Di Paola y Juan Grabois, del Movimiento de Trabajadores Excluidos (MTE).<\/p>\n<p>El acto ser\u00e1 en Vientos de Libertad, una casa comunitaria residencial para personas en situaci\u00f3n de vulnerabilidad social y econ\u00f3mica que atraviesan consumos problem\u00e1ticos.<\/p>\n","protected":false},"excerpt":{"rendered":"<p>Quienes formen parte del plan acceder\u00e1n mensualmente una ayuda equivalente a la mitad del salario m\u00ednimo, vital y m\u00f3vil, que estar\u00e1 bancarizada. Recibir\u00e1n tambi\u00e9n formaci\u00f3n para el aprendizaje de trabajo y la finalizaci\u00f3n de estudios. \u201cEl objetivo es acompa\u00f1arlas y acompa\u00f1arlos en la salida de ese proceso&#8221;, informaron desde el Gobierno &nbsp; &nbsp; El gobierno nacional lanzar\u00e1 este mediod\u00eda el programa Potenciar Acompa\u00f1amiento, destinado a j\u00f3venes que a atraviesan consumos problem\u00e1ticos y a los que se les brindar\u00e1 formaci\u00f3n para el aprendizaje de trabajo y la finalizaci\u00f3n de estudios, adem\u00e1s&#8230;<\/p>\n","protected":false},"author":3,"featured_media":63004,"comment_status":"closed","ping_status":"closed","sticky":false,"template":"","format":"standard","meta":[],"categories":[18],"tags":[],"_links":{"self":[{"href":"https:\/\/www.actualidadadiario.com\/index.php\/wp-json\/wp\/v2\/posts\/65242"}],"collection":[{"href":"https:\/\/www.actualidadadiario.com\/index.php\/wp-json\/wp\/v2\/posts"}],"about":[{"href":"https:\/\/www.actualidadadiario.com\/index.php\/wp-json\/wp\/v2\/types\/post"}],"author":[{"embeddable":true,"href":"https:\/\/www.actualidadadiario.com\/index.php\/wp-json\/wp\/v2\/users\/3"}],"replies":[{"embeddable":true,"href":"https:\/\/www.actualidadadiario.com\/index.php\/wp-json\/wp\/v2\/comments?post=65242"}],"version-history":[{"count":1,"href":"https:\/\/www.actualidadadiario.com\/index.php\/wp-json\/wp\/v2\/posts\/65242\/revisions"}],"predecessor-version":[{"id":65243,"href":"https:\/\/www.actualidadadiario.com\/index.php\/wp-json\/wp\/v2\/posts\/65242\/revisions\/65243"}],"wp:featuredmedia":[{"embeddable":true,"href":"https:\/\/www.actualidadadiario.com\/index.php\/wp-json\/wp\/v2\/media\/63004"}],"wp:attachment":[{"href":"https:\/\/www.actualidadadiario.com\/index.php\/wp-json\/wp\/v2\/media?parent=65242"}],"wp:term":[{"taxonomy":"category","embeddable":true,"href":"https:\/\/www.actualidadadiario.com\/index.php\/wp-json\/wp\/v2\/categories?post=65242"},{"taxonomy":"post_tag","embeddable":true,"href":"https:\/\/www.actualidadadiario.com\/index.php\/wp-json\/wp\/v2\/tags?post=65242"}],"curies":[{"name":"wp","href":"https:\/\/api.w.org\/{rel}","templated":true}]}}