{"id":65239,"date":"2020-08-06T13:32:51","date_gmt":"2020-08-06T16:32:51","guid":{"rendered":"https:\/\/www.actualidadadiario.com\/?p=65239"},"modified":"2020-08-06T13:32:51","modified_gmt":"2020-08-06T16:32:51","slug":"el-senado-recibira-a-juristas-que-opinaran-sobre-la-reforma-judicial","status":"publish","type":"post","link":"https:\/\/www.actualidadadiario.com\/index.php\/2020\/08\/06\/el-senado-recibira-a-juristas-que-opinaran-sobre-la-reforma-judicial\/","title":{"rendered":"El Senado recibir\u00e1 a juristas que opinar\u00e1n sobre la reforma judicial"},"content":{"rendered":"<p style=\"text-align: center;\"><em><strong>El Senado, liderado por Cristina Fern\u00e1ndez de Kirchner, contin\u00faa con sus actividades en medio del debate sobre la reforma judicial. El proyecto, presentado por Alberto Fern\u00e1ndez, gener\u00f3 varias repercusiones. La C\u00e1mara Nacional de Apelaciones en lo Criminal y Correccional consider\u00f3 que es \u201cinconstitucional\u201d. Por este motivo, se incorporar\u00e1n otras voces de juristas. En este escenario, hay previstas dos reuniones para este jueves por la tarde<\/strong><\/em><\/p>\n<p>&nbsp;<\/p>\n<p>El organismo, encabezado por Alberto Seijas, se expres\u00f3 sobre el proyecto de ley en una acordada. Fue tras una videoconferencia, donde consideraron que \u201ccarece de sost\u00e9n constitucional la pretensi\u00f3n de transferir a juezas o jueces\u201d. Adem\u00e1s, indicaron que esta acci\u00f3n no puede realizarse \u201csin su consentimiento\u201d. Por otra parte, remarcaron las \u00fanicas causales para el cese de la funci\u00f3n.<\/p>\n<p>En esta l\u00ednea, mencionaron el \u201ccumplimiento de la edad prevista constitucionalmente\u201d y la \u201crenuncia actual, empresa e incondicional\u201d que debe ser presentada ante el presidente de la Naci\u00f3n. Tambi\u00e9n la \u201cremoci\u00f3n, previo enjuiciamiento, en caso de comisi\u00f3n de delitos o mal desempe\u00f1o\u201d. Luego de esta advertencia, los senadores continuar\u00e1n el tratamiento con la presencia de Alberto Seijas.<\/p>\n<p>De este modo, el presidente de la C\u00e1mara Nacional de Apelaciones en lo Criminal y Correccional expondr\u00e1 ante las comisiones de Asuntos Constitucionales y de Justicia y Asuntos Penales. Ser\u00e1 este jueves a las 14:00 de forma virtual. Otras figuras fueron invitadas a participar del debate, pero postergaron su presentaci\u00f3n. Se trata del ex juez de la Corte Suprema de Justicia, Eugenio Zaffaroni, y el referente del Colegio de Abogados de Buenos Aires, Alejandro Fargosi.<\/p>\n<p>Por otra parte, la C\u00e1mara Alta tiene pactado otro encuentro para esta tarde. Ser\u00e1 a las 18:00 bajo modalidad remota. En este caso, la Comisi\u00f3n de Ciencia y Tecnolog\u00eda recibir\u00e1 a Conrado Vatotto con una amplia trayector\u00eda en el \u00e1rea de la f\u00edsica. Tambi\u00e9n es fundador de INVAP, una empresa dedicada al dise\u00f1o, integraci\u00f3n y construcci\u00f3n de plantas, equipamientos y dispositivos para \u00e1reas de alta complejidad como energ\u00eda nuclear o equipamiento cient\u00edfico.<\/p>\n","protected":false},"excerpt":{"rendered":"<p>El Senado, liderado por Cristina Fern\u00e1ndez de Kirchner, contin\u00faa con sus actividades en medio del debate sobre la reforma judicial. El proyecto, presentado por Alberto Fern\u00e1ndez, gener\u00f3 varias repercusiones. La C\u00e1mara Nacional de Apelaciones en lo Criminal y Correccional consider\u00f3 que es \u201cinconstitucional\u201d. Por este motivo, se incorporar\u00e1n otras voces de juristas. En este escenario, hay previstas dos reuniones para este jueves por la tarde &nbsp; El organismo, encabezado por Alberto Seijas, se expres\u00f3 sobre el proyecto de ley en una acordada. Fue tras una videoconferencia, donde consideraron que \u201ccarece&#8230;<\/p>\n","protected":false},"author":3,"featured_media":65240,"comment_status":"closed","ping_status":"closed","sticky":false,"template":"","format":"standard","meta":[],"categories":[18],"tags":[],"_links":{"self":[{"href":"https:\/\/www.actualidadadiario.com\/index.php\/wp-json\/wp\/v2\/posts\/65239"}],"collection":[{"href":"https:\/\/www.actualidadadiario.com\/index.php\/wp-json\/wp\/v2\/posts"}],"about":[{"href":"https:\/\/www.actualidadadiario.com\/index.php\/wp-json\/wp\/v2\/types\/post"}],"author":[{"embeddable":true,"href":"https:\/\/www.actualidadadiario.com\/index.php\/wp-json\/wp\/v2\/users\/3"}],"replies":[{"embeddable":true,"href":"https:\/\/www.actualidadadiario.com\/index.php\/wp-json\/wp\/v2\/comments?post=65239"}],"version-history":[{"count":1,"href":"https:\/\/www.actualidadadiario.com\/index.php\/wp-json\/wp\/v2\/posts\/65239\/revisions"}],"predecessor-version":[{"id":65241,"href":"https:\/\/www.actualidadadiario.com\/index.php\/wp-json\/wp\/v2\/posts\/65239\/revisions\/65241"}],"wp:featuredmedia":[{"embeddable":true,"href":"https:\/\/www.actualidadadiario.com\/index.php\/wp-json\/wp\/v2\/media\/65240"}],"wp:attachment":[{"href":"https:\/\/www.actualidadadiario.com\/index.php\/wp-json\/wp\/v2\/media?parent=65239"}],"wp:term":[{"taxonomy":"category","embeddable":true,"href":"https:\/\/www.actualidadadiario.com\/index.php\/wp-json\/wp\/v2\/categories?post=65239"},{"taxonomy":"post_tag","embeddable":true,"href":"https:\/\/www.actualidadadiario.com\/index.php\/wp-json\/wp\/v2\/tags?post=65239"}],"curies":[{"name":"wp","href":"https:\/\/api.w.org\/{rel}","templated":true}]}}