{"id":65236,"date":"2020-08-06T13:32:09","date_gmt":"2020-08-06T16:32:09","guid":{"rendered":"https:\/\/www.actualidadadiario.com\/?p=65236"},"modified":"2020-08-06T13:32:09","modified_gmt":"2020-08-06T16:32:09","slug":"sergio-massa-sobre-la-nueva-formula-de-movilidad-jubilatoria-como-sera-y-cuando-estara","status":"publish","type":"post","link":"https:\/\/www.actualidadadiario.com\/index.php\/2020\/08\/06\/sergio-massa-sobre-la-nueva-formula-de-movilidad-jubilatoria-como-sera-y-cuando-estara\/","title":{"rendered":"Sergio Massa sobre la nueva f\u00f3rmula de movilidad jubilatoria: c\u00f3mo ser\u00e1 y cu\u00e1ndo estar\u00e1"},"content":{"rendered":"<p style=\"text-align: center;\"><em><strong>El titular de la C\u00e1mara de Diputados, Sergio Massa, indic\u00f3 que &#8220;antes del 30 de noviembre&#8221; el Congreso sancionar\u00e1 la nueva f\u00f3rmula de movilidad jubilatoria para &#8220;volver a darle certeza a los jubilados&#8221;, tal como hab\u00eda anticipado en la noche del martes el presidente Alberto Fern\u00e1ndez. Adem\u00e1s, el titular de la C\u00e1mara baja confirm\u00f3 que el impuesto a las grandes fortunas ser\u00e1 tratado a fin de a\u00f1o, junto a un proyecto de reforma tributaria y el Presupuesto 2021<\/strong><\/em><\/p>\n<p>&nbsp;<\/p>\n<p>&nbsp;<\/p>\n<p>Massa record\u00f3 que fue el autor, como titular de la Anses, de la f\u00f3rmula de movilidad jubilatoria del gobierno kirchnerista, que fue modificado durante la gesti\u00f3n macrista tras dos d\u00edas de represi\u00f3n, y destac\u00f3 que se inclina por recuperar aquella f\u00f3rmula, que contemplaba las subas en relaci\u00f3n a la inflaci\u00f3n y la variaci\u00f3n salarial, con las mejoras que sean necesarias.<\/p>\n<p>&#8220;Si alguien tiene una mejor opci\u00f3n, la esperamos&#8221;, convoc\u00f3 Massa, en di\u00e1logo con C5N, y destac\u00f3 que, a pesar de la suspensi\u00f3n de la movilidad desde diciembre, &#8220;el 75% por ciento de los jubilados le gan\u00f3 a la inflaci\u00f3n con los pagos extraordinarios&#8221; que dispuso el Gobierno.<\/p>\n<p>El titular de la C\u00e1mara baja asegur\u00f3 que la Comisi\u00f3n creada para reformular la f\u00f3rmula &#8220;fue creada expresamente con el mandato de tenerla cerrada antes del 30 de noviembre&#8221; y destac\u00f3 que el poder adquisitivo de los jubilados es parte de &#8220;la turbina m\u00e1s grande&#8221; de la econom\u00eda argentina, el mercado interno.<\/p>\n<p>Massa detall\u00f3 que habl\u00f3 de esa iniciativa el lunes por la noche junto al presidente en la Quinta de Olivos y precis\u00f3 tambi\u00e9n que se decidi\u00f3 avanzar en una reforma impositiva, en la que se incluir\u00e1 el demorado &#8220;Aporte Solidario Extraordinario&#8221;, m\u00e1s conocido como impuesto a las grandes fortunas.<\/p>\n<p>&#8220;Vamos hacia un sistema tributario mucho m\u00e1s justo, porque quienes menos tienen son los que m\u00e1s peso cargan en los impuestos&#8221;, asegur\u00f3 Massa y sostuvo que se decidi\u00f3 tratar esa reforma junto al Presupuesto 2021 para &#8220;indicar d\u00f3nde vamos a invertir&#8221; lo recaudado.<\/p>\n","protected":false},"excerpt":{"rendered":"<p>El titular de la C\u00e1mara de Diputados, Sergio Massa, indic\u00f3 que &#8220;antes del 30 de noviembre&#8221; el Congreso sancionar\u00e1 la nueva f\u00f3rmula de movilidad jubilatoria para &#8220;volver a darle certeza a los jubilados&#8221;, tal como hab\u00eda anticipado en la noche del martes el presidente Alberto Fern\u00e1ndez. Adem\u00e1s, el titular de la C\u00e1mara baja confirm\u00f3 que el impuesto a las grandes fortunas ser\u00e1 tratado a fin de a\u00f1o, junto a un proyecto de reforma tributaria y el Presupuesto 2021 &nbsp; &nbsp; Massa record\u00f3 que fue el autor, como titular de la&#8230;<\/p>\n","protected":false},"author":3,"featured_media":65237,"comment_status":"closed","ping_status":"closed","sticky":false,"template":"","format":"standard","meta":[],"categories":[18],"tags":[],"_links":{"self":[{"href":"https:\/\/www.actualidadadiario.com\/index.php\/wp-json\/wp\/v2\/posts\/65236"}],"collection":[{"href":"https:\/\/www.actualidadadiario.com\/index.php\/wp-json\/wp\/v2\/posts"}],"about":[{"href":"https:\/\/www.actualidadadiario.com\/index.php\/wp-json\/wp\/v2\/types\/post"}],"author":[{"embeddable":true,"href":"https:\/\/www.actualidadadiario.com\/index.php\/wp-json\/wp\/v2\/users\/3"}],"replies":[{"embeddable":true,"href":"https:\/\/www.actualidadadiario.com\/index.php\/wp-json\/wp\/v2\/comments?post=65236"}],"version-history":[{"count":1,"href":"https:\/\/www.actualidadadiario.com\/index.php\/wp-json\/wp\/v2\/posts\/65236\/revisions"}],"predecessor-version":[{"id":65238,"href":"https:\/\/www.actualidadadiario.com\/index.php\/wp-json\/wp\/v2\/posts\/65236\/revisions\/65238"}],"wp:featuredmedia":[{"embeddable":true,"href":"https:\/\/www.actualidadadiario.com\/index.php\/wp-json\/wp\/v2\/media\/65237"}],"wp:attachment":[{"href":"https:\/\/www.actualidadadiario.com\/index.php\/wp-json\/wp\/v2\/media?parent=65236"}],"wp:term":[{"taxonomy":"category","embeddable":true,"href":"https:\/\/www.actualidadadiario.com\/index.php\/wp-json\/wp\/v2\/categories?post=65236"},{"taxonomy":"post_tag","embeddable":true,"href":"https:\/\/www.actualidadadiario.com\/index.php\/wp-json\/wp\/v2\/tags?post=65236"}],"curies":[{"name":"wp","href":"https:\/\/api.w.org\/{rel}","templated":true}]}}