{"id":65231,"date":"2020-08-06T13:30:38","date_gmt":"2020-08-06T16:30:38","guid":{"rendered":"https:\/\/www.actualidadadiario.com\/?p=65231"},"modified":"2020-08-06T13:30:38","modified_gmt":"2020-08-06T16:30:38","slug":"alberto-impulsara-mayor-presencia-de-mujeres-en-espacios-de-decision","status":"publish","type":"post","link":"https:\/\/www.actualidadadiario.com\/index.php\/2020\/08\/06\/alberto-impulsara-mayor-presencia-de-mujeres-en-espacios-de-decision\/","title":{"rendered":"Alberto impulsar\u00e1 mayor presencia de mujeres en espacios de decisi\u00f3n"},"content":{"rendered":"<p style=\"text-align: center;\"><em><strong>El Presidente quien se reuni\u00f3 empresarias y funcionarias remarco que aportan \u201cuna mirada distinta que puede ayudar a buscar soluciones novedosas\u201d y consider\u00f3 que \u201ces importante que esta mirada se incorpore, porque es m\u00e1s amplia, integradora y rigurosa\u201d<\/strong><\/em><\/p>\n<p>&nbsp;<\/p>\n<p>&nbsp;<\/p>\n<p>El presidente, Alberto Fern\u00e1ndez, se reuni\u00f3 en la tarde del mi\u00e9rcoles (05\/08) con mujeres empresarias y funcionarias para analizar la agenda del sector productiva de la Argentina.<\/p>\n<p>Se habl\u00f3 sobre la necesidad de impulsar espacios donde las mujeres sean protagonistas y de achicar las brechas de g\u00e9nero, de la importancia de las iniciativas para brindar apoyo a las emprendedoras y del compromiso, tanto de los sectores p\u00fablicos como privados, para fomentar la participaci\u00f3n de mujeres en los debates y en la toma de decisiones.<\/p>\n<p>Las asistentes felicitaron al Presidente por el acuerdo alcanzado con los acreedores externos y destacaron la resoluci\u00f3n de la Inspecci\u00f3n General de Justicia para que las sociedades en constituci\u00f3n o que se constituyan en adelante lo hagan con \u00f3rganos de administraci\u00f3n que respeten la diversidad de g\u00e9nero.<\/p>\n<p>El mandatario, valor\u00f3 que las mujeres tuvieran \u201cuna mirada distinta que puede ayudar a buscar soluciones novedosas\u201d y consider\u00f3 que \u201ces importante que esta mirada se incorpore, porque es m\u00e1s amplia, integradora y rigurosa\u201d.<\/p>\n<p>En la reuni\u00f3n tambi\u00e9n se trataron temas como los desaf\u00edos actuales y de corto plazo del sector productivo, las pol\u00edticas postpandemia para que la econom\u00eda vuelva a crecer y medidas sectoriales.<\/p>\n<p>El Presidente estuvo acompa\u00f1ado por la vicejefa de Gabinete, Cecilia Todesca Bocco; la ministra de Mujeres, G\u00e9neros y Diversidad, Elizabeth G\u00f3mez Alcorta, y la asesora presidencial Cecilia Nicolini.<\/p>\n<p>Por el sector empresario, participaron Paula Altavilla, directora para el Cono Sur de Whirpool; Laura Barnator, gerenta de Unilever; Dolores Fern\u00e1ndez Lobbe, gerenta General de Walmart Argentina; Ver\u00f3nica Andreani, directora de Andreani; Cecilia Castelli, fundadora de Todomoda; Carolina Castro, directora de Industrias Guidi Autopartes; Jimena Sabor, directora de S\u00edntesis Biol\u00f3gica, y Edith Encinas, Secretaria de la cooperativa de trabajo La Caba\u00f1a y presidenta de Federaci\u00f3n ACTRA.<\/p>\n","protected":false},"excerpt":{"rendered":"<p>El Presidente quien se reuni\u00f3 empresarias y funcionarias remarco que aportan \u201cuna mirada distinta que puede ayudar a buscar soluciones novedosas\u201d y consider\u00f3 que \u201ces importante que esta mirada se incorpore, porque es m\u00e1s amplia, integradora y rigurosa\u201d &nbsp; &nbsp; El presidente, Alberto Fern\u00e1ndez, se reuni\u00f3 en la tarde del mi\u00e9rcoles (05\/08) con mujeres empresarias y funcionarias para analizar la agenda del sector productiva de la Argentina. Se habl\u00f3 sobre la necesidad de impulsar espacios donde las mujeres sean protagonistas y de achicar las brechas de g\u00e9nero, de la importancia&#8230;<\/p>\n","protected":false},"author":3,"featured_media":65232,"comment_status":"closed","ping_status":"closed","sticky":false,"template":"","format":"standard","meta":[],"categories":[18],"tags":[],"_links":{"self":[{"href":"https:\/\/www.actualidadadiario.com\/index.php\/wp-json\/wp\/v2\/posts\/65231"}],"collection":[{"href":"https:\/\/www.actualidadadiario.com\/index.php\/wp-json\/wp\/v2\/posts"}],"about":[{"href":"https:\/\/www.actualidadadiario.com\/index.php\/wp-json\/wp\/v2\/types\/post"}],"author":[{"embeddable":true,"href":"https:\/\/www.actualidadadiario.com\/index.php\/wp-json\/wp\/v2\/users\/3"}],"replies":[{"embeddable":true,"href":"https:\/\/www.actualidadadiario.com\/index.php\/wp-json\/wp\/v2\/comments?post=65231"}],"version-history":[{"count":1,"href":"https:\/\/www.actualidadadiario.com\/index.php\/wp-json\/wp\/v2\/posts\/65231\/revisions"}],"predecessor-version":[{"id":65233,"href":"https:\/\/www.actualidadadiario.com\/index.php\/wp-json\/wp\/v2\/posts\/65231\/revisions\/65233"}],"wp:featuredmedia":[{"embeddable":true,"href":"https:\/\/www.actualidadadiario.com\/index.php\/wp-json\/wp\/v2\/media\/65232"}],"wp:attachment":[{"href":"https:\/\/www.actualidadadiario.com\/index.php\/wp-json\/wp\/v2\/media?parent=65231"}],"wp:term":[{"taxonomy":"category","embeddable":true,"href":"https:\/\/www.actualidadadiario.com\/index.php\/wp-json\/wp\/v2\/categories?post=65231"},{"taxonomy":"post_tag","embeddable":true,"href":"https:\/\/www.actualidadadiario.com\/index.php\/wp-json\/wp\/v2\/tags?post=65231"}],"curies":[{"name":"wp","href":"https:\/\/api.w.org\/{rel}","templated":true}]}}