{"id":65229,"date":"2020-08-06T13:29:54","date_gmt":"2020-08-06T16:29:54","guid":{"rendered":"https:\/\/www.actualidadadiario.com\/?p=65229"},"modified":"2020-08-06T13:29:54","modified_gmt":"2020-08-06T16:29:54","slug":"cfk-inicia-una-demanda-contra-google","status":"publish","type":"post","link":"https:\/\/www.actualidadadiario.com\/index.php\/2020\/08\/06\/cfk-inicia-una-demanda-contra-google\/","title":{"rendered":"CFK inicia una demanda contra Google"},"content":{"rendered":"<p style=\"text-align: center;\"><em><strong>El 17 de mayo de 2020\u00a0 el diario Clar\u00edn public\u00f3, en una nota digital, que el buscador de Google hab\u00eda colocado una infamante leyenda en el lugar donde deber\u00eda figurar el cargo que ocupa la vicepresidenta<\/strong><\/em><\/p>\n<p>&nbsp;<\/p>\n<p>&nbsp;<\/p>\n<p>Cristina Fern\u00e1ndez de Kirchner, por medio de sus abogados, realiz\u00f3 hoy una presentaci\u00f3n judicial ante el Fuero Federal Civil y Comercial para solicitar una pericia inform\u00e1tica urgente contra Google, en car\u00e1cter de prueba anticipada.<\/p>\n<p>El d\u00eda 17 de mayo de 2020 a las 00:20hs el diario Clar\u00edn public\u00f3, en una nota digital, que el buscador de Google hab\u00eda colocado una infamante leyenda en el lugar donde deber\u00eda figurar el cargo que ocupa hoy Cristina Fern\u00e1ndez de Kirchner<\/p>\n<p>Efectivamente, dentro del panel de conocimiento del principal buscador de la web, en lugar de describir el cargo institucional de Vicepresidenta de la Naci\u00f3n que actualmente ejerce Cristina Fern\u00e1ndez de Kirchner, figuraba en forma maliciosa y difamante la leyenda de \u201cLadrona de la Naci\u00f3n\u201d.<\/p>\n<p>Para preservar los datos que faciliten, entre otras cosas, calcular el da\u00f1o ocasionado y la operatoria desarrollada para vulnerar los derechos personal\u00edsimos de Cristina Fern\u00e1ndez de Kirchner, sus letrados est\u00e1n solicitando que se \u201carbitre todos los medios necesarios para descargar y almacenar la totalidad de los datos asociados al nombre Cristina Fern\u00e1ndez de Kirchner y Cristina Kirchner, a partir del 17\/05\/2020 hasta el d\u00eda en que se realice la presente pericia, que surjan del contenido del panel de conocimiento del buscador \u201cGoogle\u201d de una persona destacada.\u201d<\/p>\n<p>Solicitan adem\u00e1s, que se detalle de forma clara y precisa c\u00f3mo se genera esta publicaci\u00f3n, durante cu\u00e1nto tiempo estuvo activa, que cantidad de visualizaciones, visitas e interacciones tuvo, que acciones tom\u00f3 la empresa con relaci\u00f3n \u00e9sta y totalidad de interacciones entre el 17 de mayo y el 23 de mayo de 2020, entre otras requisitorias.<\/p>\n<p>En el escrito se destaca que el propio buscador afirma tener 3 billones de visitas por d\u00eda y por eso s\u00f3lo la propia empresa tiene acceso a los datos de cu\u00e1nta gente vio o interactu\u00f3 con esa noticia maliciosa e infamante, por lo que es crucial la pericia inform\u00e1tica solicitada. Se agrega que \u201cestos ataques y mentiras los ha sufrido por parte de opositores malintencionados en otras oportunidades, pero nunca hab\u00edan sido perpetrados directamente por el buscador de internet, en uso de su propia plataforma, bajo su exclusiva responsabilidad y campo de acci\u00f3n.\u201d \u201cEn suma, Google public\u00f3 en su plataforma y bajo su responsabilidad, informaci\u00f3n falaz y agraviante con relaci\u00f3n a Cristina Fern\u00e1ndez de Kirchner, mancillando su nombre, imagen y honor.\u201d<\/p>\n<p>Si las acciones prosperan y se impone un resarcimiento por los da\u00f1os ocasionados a Cristina Fern\u00e1ndez de Kirchner, los montos que se perciban ser\u00e1n donados \u00edntegramente al Hospital de Ni\u00f1os \u201cSor Mar\u00eda Ludovica\u201d de la ciudad de La Plata. Id\u00e9ntica decisi\u00f3n fue tomada por la Vicepresidenta respecto de la indemnizaci\u00f3n por decenas de miles de euros que debi\u00f3 pagarle el conocido diario italiano \u201cCorriere Della Sera\u201d, al ser condenado por tribunales de esa misma nacionalidad por publicar mentiras injuriosas contra su persona.<\/p>\n<p>La acci\u00f3n judicial tambi\u00e9n pretende plantear una cuesti\u00f3n compleja y profunda propia de los tiempos que corren: \u00bfExiste alg\u00fan tipo de defensa para las personas que resultan v\u00edctimas de este tipo de acciones perpetradas por un gigante inform\u00e1tico como Google? Cuando las mentiras y difamaciones se disparan desde plataformas masivas, su circulaci\u00f3n no tiene l\u00edmites, no se puede detener y el da\u00f1o que ocasionan a los difamados pareciera ser incalculable.<\/p>\n<p>Por \u00faltimo, esta presentaci\u00f3n busca establecer un criterio jurisprudencial que garantice protecci\u00f3n de los derechos y la intimidad del todos los argentinos y argentinas.<\/p>\n","protected":false},"excerpt":{"rendered":"<p>El 17 de mayo de 2020\u00a0 el diario Clar\u00edn public\u00f3, en una nota digital, que el buscador de Google hab\u00eda colocado una infamante leyenda en el lugar donde deber\u00eda figurar el cargo que ocupa la vicepresidenta &nbsp; &nbsp; Cristina Fern\u00e1ndez de Kirchner, por medio de sus abogados, realiz\u00f3 hoy una presentaci\u00f3n judicial ante el Fuero Federal Civil y Comercial para solicitar una pericia inform\u00e1tica urgente contra Google, en car\u00e1cter de prueba anticipada. El d\u00eda 17 de mayo de 2020 a las 00:20hs el diario Clar\u00edn public\u00f3, en una nota digital,&#8230;<\/p>\n","protected":false},"author":3,"featured_media":60308,"comment_status":"closed","ping_status":"closed","sticky":false,"template":"","format":"standard","meta":[],"categories":[9],"tags":[],"_links":{"self":[{"href":"https:\/\/www.actualidadadiario.com\/index.php\/wp-json\/wp\/v2\/posts\/65229"}],"collection":[{"href":"https:\/\/www.actualidadadiario.com\/index.php\/wp-json\/wp\/v2\/posts"}],"about":[{"href":"https:\/\/www.actualidadadiario.com\/index.php\/wp-json\/wp\/v2\/types\/post"}],"author":[{"embeddable":true,"href":"https:\/\/www.actualidadadiario.com\/index.php\/wp-json\/wp\/v2\/users\/3"}],"replies":[{"embeddable":true,"href":"https:\/\/www.actualidadadiario.com\/index.php\/wp-json\/wp\/v2\/comments?post=65229"}],"version-history":[{"count":1,"href":"https:\/\/www.actualidadadiario.com\/index.php\/wp-json\/wp\/v2\/posts\/65229\/revisions"}],"predecessor-version":[{"id":65230,"href":"https:\/\/www.actualidadadiario.com\/index.php\/wp-json\/wp\/v2\/posts\/65229\/revisions\/65230"}],"wp:featuredmedia":[{"embeddable":true,"href":"https:\/\/www.actualidadadiario.com\/index.php\/wp-json\/wp\/v2\/media\/60308"}],"wp:attachment":[{"href":"https:\/\/www.actualidadadiario.com\/index.php\/wp-json\/wp\/v2\/media?parent=65229"}],"wp:term":[{"taxonomy":"category","embeddable":true,"href":"https:\/\/www.actualidadadiario.com\/index.php\/wp-json\/wp\/v2\/categories?post=65229"},{"taxonomy":"post_tag","embeddable":true,"href":"https:\/\/www.actualidadadiario.com\/index.php\/wp-json\/wp\/v2\/tags?post=65229"}],"curies":[{"name":"wp","href":"https:\/\/api.w.org\/{rel}","templated":true}]}}