{"id":65219,"date":"2020-08-06T13:24:20","date_gmt":"2020-08-06T16:24:20","guid":{"rendered":"https:\/\/www.actualidadadiario.com\/?p=65219"},"modified":"2020-08-06T13:24:20","modified_gmt":"2020-08-06T16:24:20","slug":"marcha-atras-santiago-del-estero-suspende-el-regreso-a-clases","status":"publish","type":"post","link":"https:\/\/www.actualidadadiario.com\/index.php\/2020\/08\/06\/marcha-atras-santiago-del-estero-suspende-el-regreso-a-clases\/","title":{"rendered":"Marcha atr\u00e1s: Santiago del Estero suspende el regreso a clases"},"content":{"rendered":"<p style=\"text-align: center;\"><em><strong>Estaba pautado para el 18 de agosto, pero fue postergado por 30 d\u00edas. Es por los nuevos contagios en la provincia. El ministro Trotta respald\u00f3 la decisi\u00f3n<\/strong><\/em><\/p>\n<p>&nbsp;<\/p>\n<p>&nbsp;<\/p>\n<p>Santiago del Estero suspendi\u00f3 este mi\u00e9rcoles el regreso a las clases, que estaba pautado para el pr\u00f3ximo 18 de agosto, y anunci\u00f3 su postergaci\u00f3n por el plazo de 30 d\u00edas. La medida tuvo el visto bueno del ministro de Educaci\u00f3n de la Naci\u00f3n, Nicol\u00e1s Trotta.<\/p>\n<p>La decisi\u00f3n de postergar la vuelta a las aulas fue tomada por el gobernador Gerardo Zamora, luego de que esta semana se conocieran nuevos casos de coronavirus dentro de la provincia. En las \u00faltimas 24 horas, seg\u00fan el \u00faltimo reporte del Ministerio de Salud, hubo 18 contagios m\u00e1s en territorio santiague\u00f1o, elevando la cifra total a 66.<\/p>\n<p>Sin embargo, las autoridades remarcaron que los docentes y trabajadores de las instituciones educativas, que ya estaban realizando labores para acondicionar los espacios, continuar\u00e1n con sus tareas habituales.<\/p>\n<p>En este sentido, el ministro Trotta apoy\u00f3 las medidas adoptadas por Zamora tras conocerse los nuevos casos de coronavirus en la provincia y enfatiz\u00f3 la importancia de \u201cpriorizar el cuidado de la salud de la comunidad educativa\u201d.<\/p>\n<p>\u201cLamentamos la aparici\u00f3n de nuevos casos en la provincia. Como lo hemos manifestado p\u00fablicamente, nuestra prioridad es y ha sido el cuidado de la salud de toda la comunidad educativa. Apoyo la decisi\u00f3n adoptada por el gobernador Zamora de suspender la presencialidad tanto del personal directivo, docente y no docente como de las y los alumnos hasta que el comit\u00e9 de expertos determine que no hay riesgo para los santiague\u00f1os\u201d, dijo el funcionario.<\/p>\n<p>Y agreg\u00f3: \u201cEl regreso a las aulas no es un camino sencillo. Implica avances, revisiones y retrocesos de ser necesarios. La vuelta segura conlleva una revisi\u00f3n diaria de la situaci\u00f3n epidemiol\u00f3gica de cada regi\u00f3n, la aplicaci\u00f3n de protocolos, la construcci\u00f3n de consensos&#8221;.<\/p>\n<p>Tras conocerse los nuevos positivos, Santiago del Estero restringir\u00e1 este jueves la circulaci\u00f3n en la capital y La Banda, las dos ciudades m\u00e1s importantes de la provincia. Tales medidas se extender\u00e1n, por lo menos, hasta el 16 de agosto.<\/p>\n","protected":false},"excerpt":{"rendered":"<p>Estaba pautado para el 18 de agosto, pero fue postergado por 30 d\u00edas. Es por los nuevos contagios en la provincia. El ministro Trotta respald\u00f3 la decisi\u00f3n &nbsp; &nbsp; Santiago del Estero suspendi\u00f3 este mi\u00e9rcoles el regreso a las clases, que estaba pautado para el pr\u00f3ximo 18 de agosto, y anunci\u00f3 su postergaci\u00f3n por el plazo de 30 d\u00edas. La medida tuvo el visto bueno del ministro de Educaci\u00f3n de la Naci\u00f3n, Nicol\u00e1s Trotta. La decisi\u00f3n de postergar la vuelta a las aulas fue tomada por el gobernador Gerardo Zamora,&#8230;<\/p>\n","protected":false},"author":3,"featured_media":62268,"comment_status":"closed","ping_status":"closed","sticky":false,"template":"","format":"standard","meta":[],"categories":[2],"tags":[],"_links":{"self":[{"href":"https:\/\/www.actualidadadiario.com\/index.php\/wp-json\/wp\/v2\/posts\/65219"}],"collection":[{"href":"https:\/\/www.actualidadadiario.com\/index.php\/wp-json\/wp\/v2\/posts"}],"about":[{"href":"https:\/\/www.actualidadadiario.com\/index.php\/wp-json\/wp\/v2\/types\/post"}],"author":[{"embeddable":true,"href":"https:\/\/www.actualidadadiario.com\/index.php\/wp-json\/wp\/v2\/users\/3"}],"replies":[{"embeddable":true,"href":"https:\/\/www.actualidadadiario.com\/index.php\/wp-json\/wp\/v2\/comments?post=65219"}],"version-history":[{"count":1,"href":"https:\/\/www.actualidadadiario.com\/index.php\/wp-json\/wp\/v2\/posts\/65219\/revisions"}],"predecessor-version":[{"id":65220,"href":"https:\/\/www.actualidadadiario.com\/index.php\/wp-json\/wp\/v2\/posts\/65219\/revisions\/65220"}],"wp:featuredmedia":[{"embeddable":true,"href":"https:\/\/www.actualidadadiario.com\/index.php\/wp-json\/wp\/v2\/media\/62268"}],"wp:attachment":[{"href":"https:\/\/www.actualidadadiario.com\/index.php\/wp-json\/wp\/v2\/media?parent=65219"}],"wp:term":[{"taxonomy":"category","embeddable":true,"href":"https:\/\/www.actualidadadiario.com\/index.php\/wp-json\/wp\/v2\/categories?post=65219"},{"taxonomy":"post_tag","embeddable":true,"href":"https:\/\/www.actualidadadiario.com\/index.php\/wp-json\/wp\/v2\/tags?post=65219"}],"curies":[{"name":"wp","href":"https:\/\/api.w.org\/{rel}","templated":true}]}}