{"id":65207,"date":"2020-08-06T13:19:08","date_gmt":"2020-08-06T16:19:08","guid":{"rendered":"https:\/\/www.actualidadadiario.com\/?p=65207"},"modified":"2020-08-06T13:19:08","modified_gmt":"2020-08-06T16:19:08","slug":"harian-un-bloqueo-sanitario-en-un-barrio-de-concordia","status":"publish","type":"post","link":"https:\/\/www.actualidadadiario.com\/index.php\/2020\/08\/06\/harian-un-bloqueo-sanitario-en-un-barrio-de-concordia\/","title":{"rendered":"Har\u00edan un bloqueo sanitario en un barrio de Concordia"},"content":{"rendered":"<p style=\"text-align: center;\"><em><strong>Dos factores terminaron por decidir al Comit\u00e9 Operativo de Emergencia Sanitaria de Concordia. Uno es la detecci\u00f3n de tres nuevos casos de coronavirus Covid-19 en la ciudad. El otro, la coincidencia respecto al sector de residencia de varios de los afectados<\/strong><\/em><\/p>\n<p>&nbsp;<\/p>\n<p>&nbsp;<\/p>\n<p>Por esa raz\u00f3n, por un lado, se determin\u00f3 la necesidad de realizar un abordaje territorial en el barrio San Agust\u00edn y zonas aleda\u00f1as. (Tal como indican los protocolos correspondientes en situaciones donde se determina proximidad domiciliaria entre los contagios registrados).<\/p>\n<p>Por otra parte, el COES eval\u00faa adem\u00e1s la posibilidad de realizar un bloqueo sanitario barrial en la zona de residencia de residencia de la mayor\u00eda de los recientes contagiados, a los efectos de minimizar la posibilidad de proliferaci\u00f3n del virus.<\/p>\n","protected":false},"excerpt":{"rendered":"<p>Dos factores terminaron por decidir al Comit\u00e9 Operativo de Emergencia Sanitaria de Concordia. Uno es la detecci\u00f3n de tres nuevos casos de coronavirus Covid-19 en la ciudad. El otro, la coincidencia respecto al sector de residencia de varios de los afectados &nbsp; &nbsp; Por esa raz\u00f3n, por un lado, se determin\u00f3 la necesidad de realizar un abordaje territorial en el barrio San Agust\u00edn y zonas aleda\u00f1as. (Tal como indican los protocolos correspondientes en situaciones donde se determina proximidad domiciliaria entre los contagios registrados). Por otra parte, el COES eval\u00faa adem\u00e1s&#8230;<\/p>\n","protected":false},"author":3,"featured_media":65208,"comment_status":"closed","ping_status":"closed","sticky":false,"template":"","format":"standard","meta":[],"categories":[15],"tags":[],"_links":{"self":[{"href":"https:\/\/www.actualidadadiario.com\/index.php\/wp-json\/wp\/v2\/posts\/65207"}],"collection":[{"href":"https:\/\/www.actualidadadiario.com\/index.php\/wp-json\/wp\/v2\/posts"}],"about":[{"href":"https:\/\/www.actualidadadiario.com\/index.php\/wp-json\/wp\/v2\/types\/post"}],"author":[{"embeddable":true,"href":"https:\/\/www.actualidadadiario.com\/index.php\/wp-json\/wp\/v2\/users\/3"}],"replies":[{"embeddable":true,"href":"https:\/\/www.actualidadadiario.com\/index.php\/wp-json\/wp\/v2\/comments?post=65207"}],"version-history":[{"count":1,"href":"https:\/\/www.actualidadadiario.com\/index.php\/wp-json\/wp\/v2\/posts\/65207\/revisions"}],"predecessor-version":[{"id":65209,"href":"https:\/\/www.actualidadadiario.com\/index.php\/wp-json\/wp\/v2\/posts\/65207\/revisions\/65209"}],"wp:featuredmedia":[{"embeddable":true,"href":"https:\/\/www.actualidadadiario.com\/index.php\/wp-json\/wp\/v2\/media\/65208"}],"wp:attachment":[{"href":"https:\/\/www.actualidadadiario.com\/index.php\/wp-json\/wp\/v2\/media?parent=65207"}],"wp:term":[{"taxonomy":"category","embeddable":true,"href":"https:\/\/www.actualidadadiario.com\/index.php\/wp-json\/wp\/v2\/categories?post=65207"},{"taxonomy":"post_tag","embeddable":true,"href":"https:\/\/www.actualidadadiario.com\/index.php\/wp-json\/wp\/v2\/tags?post=65207"}],"curies":[{"name":"wp","href":"https:\/\/api.w.org\/{rel}","templated":true}]}}