{"id":65201,"date":"2020-08-06T13:17:29","date_gmt":"2020-08-06T16:17:29","guid":{"rendered":"https:\/\/www.actualidadadiario.com\/?p=65201"},"modified":"2020-08-06T13:17:29","modified_gmt":"2020-08-06T16:17:29","slug":"urribarri-participo-de-un-encuentro-de-embajadores-latinoamericanos-con-el-canciller-israeli","status":"publish","type":"post","link":"https:\/\/www.actualidadadiario.com\/index.php\/2020\/08\/06\/urribarri-participo-de-un-encuentro-de-embajadores-latinoamericanos-con-el-canciller-israeli\/","title":{"rendered":"Urribarri particip\u00f3 de un encuentro de embajadores latinoamericanos con el canciller israel\u00ed"},"content":{"rendered":"<p style=\"text-align: center;\"><em><strong>El embajador argentino en Israel, Sergio Urribarri, particip\u00f3 este mi\u00e9rcoles junto a los embajadores latinoamericanos en el pa\u00eds de un encuentro con el ministro de Relaciones Exteriores, Gabi Ashkenazi. Se destac\u00f3 el inter\u00e9s en reforzar el comercio y la transferencia de tecnolog\u00eda entre naciones<\/strong><\/em><\/p>\n<p>&nbsp;<\/p>\n<p>&nbsp;<\/p>\n<p>\u201cLos embajadores de distintos pa\u00edses tuvimos oportunidad de escuchar la exposici\u00f3n del canciller Ashkenazi sobre los ejes de pol\u00edtica exterior de Israel, en los que Latinoam\u00e9rica y Argentina tienen un lugar destacado, sobre todo en cuanto a un punto que nos interesa especialmente, que es favorecer el intercambio comercial y de transferencia de tecnolog\u00eda\u201d, coment\u00f3 Urribarri al t\u00e9rmino del encuentro.<\/p>\n<p>El impulso a acuerdos comerciales y la trasferencia de tecnolog\u00eda en campos como la agricultura, el uso del agua y la ciberseguridad fueron algunos de los temas sobre los cuales expuso Ashkenazi ante los embajadores que componen el Grupo de Pa\u00edses Latinoamericanos y del Caribe (GRULAC).<\/p>\n<p>Urribarri inform\u00f3 al canciller y a sus pares los principales ejes de su trabajo en la Embajada, focalizado en fortalecer el v\u00ednculo hist\u00f3rico entre ambos pueblos y en aumentar el volumen de negocios y de cooperaci\u00f3n en materia de tecnolog\u00eda e innovaci\u00f3n.<\/p>\n<p>Tambi\u00e9n hizo menci\u00f3n a la visita que el presidente Alberto Fern\u00e1ndez realiz\u00f3 al pa\u00eds en enero, en el que fuera su primer viaje como jefe de Estado, cuando lleg\u00f3 para participar del Quinto Foro Mundial del Holocausto.<\/p>\n<p>El embajador se refiri\u00f3, adem\u00e1s, a la adhesi\u00f3n de Argentina a la definici\u00f3n de antisemitismo de la Alianza Internacional para la Memoria del Holocausto (IHRA), adoptada por una resoluci\u00f3n del canciller Felipe Sol\u00e1.<\/p>\n","protected":false},"excerpt":{"rendered":"<p>El embajador argentino en Israel, Sergio Urribarri, particip\u00f3 este mi\u00e9rcoles junto a los embajadores latinoamericanos en el pa\u00eds de un encuentro con el ministro de Relaciones Exteriores, Gabi Ashkenazi. Se destac\u00f3 el inter\u00e9s en reforzar el comercio y la transferencia de tecnolog\u00eda entre naciones &nbsp; &nbsp; \u201cLos embajadores de distintos pa\u00edses tuvimos oportunidad de escuchar la exposici\u00f3n del canciller Ashkenazi sobre los ejes de pol\u00edtica exterior de Israel, en los que Latinoam\u00e9rica y Argentina tienen un lugar destacado, sobre todo en cuanto a un punto que nos interesa especialmente, que&#8230;<\/p>\n","protected":false},"author":3,"featured_media":65202,"comment_status":"closed","ping_status":"closed","sticky":false,"template":"","format":"standard","meta":[],"categories":[15],"tags":[],"_links":{"self":[{"href":"https:\/\/www.actualidadadiario.com\/index.php\/wp-json\/wp\/v2\/posts\/65201"}],"collection":[{"href":"https:\/\/www.actualidadadiario.com\/index.php\/wp-json\/wp\/v2\/posts"}],"about":[{"href":"https:\/\/www.actualidadadiario.com\/index.php\/wp-json\/wp\/v2\/types\/post"}],"author":[{"embeddable":true,"href":"https:\/\/www.actualidadadiario.com\/index.php\/wp-json\/wp\/v2\/users\/3"}],"replies":[{"embeddable":true,"href":"https:\/\/www.actualidadadiario.com\/index.php\/wp-json\/wp\/v2\/comments?post=65201"}],"version-history":[{"count":1,"href":"https:\/\/www.actualidadadiario.com\/index.php\/wp-json\/wp\/v2\/posts\/65201\/revisions"}],"predecessor-version":[{"id":65203,"href":"https:\/\/www.actualidadadiario.com\/index.php\/wp-json\/wp\/v2\/posts\/65201\/revisions\/65203"}],"wp:featuredmedia":[{"embeddable":true,"href":"https:\/\/www.actualidadadiario.com\/index.php\/wp-json\/wp\/v2\/media\/65202"}],"wp:attachment":[{"href":"https:\/\/www.actualidadadiario.com\/index.php\/wp-json\/wp\/v2\/media?parent=65201"}],"wp:term":[{"taxonomy":"category","embeddable":true,"href":"https:\/\/www.actualidadadiario.com\/index.php\/wp-json\/wp\/v2\/categories?post=65201"},{"taxonomy":"post_tag","embeddable":true,"href":"https:\/\/www.actualidadadiario.com\/index.php\/wp-json\/wp\/v2\/tags?post=65201"}],"curies":[{"name":"wp","href":"https:\/\/api.w.org\/{rel}","templated":true}]}}