{"id":65198,"date":"2020-08-06T13:16:38","date_gmt":"2020-08-06T16:16:38","guid":{"rendered":"https:\/\/www.actualidadadiario.com\/?p=65198"},"modified":"2020-08-06T13:16:38","modified_gmt":"2020-08-06T16:16:38","slug":"el-senado-aprobo-por-unanimidad-los-pliegos-de-18-conjueces-para-el-stj","status":"publish","type":"post","link":"https:\/\/www.actualidadadiario.com\/index.php\/2020\/08\/06\/el-senado-aprobo-por-unanimidad-los-pliegos-de-18-conjueces-para-el-stj\/","title":{"rendered":"El Senado aprob\u00f3 por unanimidad los pliegos de 18 conjueces para el STJ"},"content":{"rendered":"<p style=\"text-align: center;\"><em><strong>El Senado entrerriano aprob\u00f3 los pliegos de 18 conjueces, 14 varones y 4 mujeres, para el Superior Tribunal de Justicia (STJ). Los pliegos enviados por el Poder Ejecutivo provincial fueron aprobados con el apoyo de ambos bloques<\/strong><\/em><\/p>\n<p>&nbsp;<\/p>\n<p>&nbsp;<\/p>\n<p>La Honorable C\u00e1mara de Senadores celebr\u00f3 este mi\u00e9rcoles por la tarde la 9\u00aa Sesi\u00f3n Ordinaria del 141\u00ba Per\u00edodo Legislativo, bajo modalidad virtual en el contexto de la pandemia por coronavirus.<\/p>\n<p>La titular de la C\u00e1mara de Senadores y vicegobernadora de la provincia, Laura Stratta, presidi\u00f3 la sesi\u00f3n desde el Recinto, junto a los presidentes de los bloques, Armando Gay (Concordia &#8211; Frente Justicialista Creer Entre R\u00edos) y Francisco Morchio (Gualeguay &#8211; Cambiemos); adem\u00e1s del secretario de la C\u00e1mara, Lautaro Schiavoni, y el prosecretario del cuerpo, Leonardo Centuri\u00f3n. El resto de los senadores y las senadoras participaron a distancia mediante videoconferencia.<\/p>\n<p>El encuentro comenz\u00f3 minutos despu\u00e9s de las 19 y como es de forma en cada ocasi\u00f3n, se izaron los pabellones, nacional y de Entre R\u00edos que presiden el Recinto.<\/p>\n<p>En la 9\u00aa Sesi\u00f3n Ordinaria del 141\u00ba Per\u00edodo Legislativo, el Senado entrerriano aprob\u00f3 los pliegos de los 18 conjueces del Superior Tribunal de Justicia de la Provincia de Entre R\u00edos, que \u201cactuar\u00e1n en caso de recusaci\u00f3n, excusaci\u00f3n, licencia o vacancia de los miembros del citado Tribunal y cuando no pudiera integrarse por los vocales de las C\u00e1maras Primera, Segunda y Tercera de la ciudad de Paran\u00e1\u201d.<\/p>\n<p>El jueves pasado, la Comisi\u00f3n de Asuntos Constitucionales y Acuerdos, presidida por el senador Horacio Amavet (Uruguay &#8211; Frente Justicialista Creer Entre R\u00edos), resolvi\u00f3, por unanimidad, darle acuerdo al pliego de 18 abogados propuestos por el Poder Ejecutivo provincial, contenidos en los expedientes que van del N\u00ba13.650 al 13.667.<\/p>\n<p>Al respecto, el senador Amavet explic\u00f3: \u201cDe ese an\u00e1lisis realizado, por unanimidad, los integrantes de la Comisi\u00f3n coincidimos en dar dictamen favorable, por considerar que son profesionales prestigiosos y que muchos de ellos representaban a sus Colegios de Abogados Departamentales\u201d.<\/p>\n<p>A su turno, el senador Armando Gay (Concordia &#8211; Frente Justicialista Creer Entre R\u00edos) expres\u00f3: \u201cEn este listado encontramos a profesionales con vasta trayectoria profesional y acad\u00e9mica, con miradas distintas y con sentido de pertenencia a distintos espacios pol\u00edticos. Esto habla de la pluralidad e idoneidad del Ejecutivo provincial en cuanto al car\u00e1cter de selecci\u00f3n de estos conjueces\u201d, resalt\u00f3 el legislador destacando, adem\u00e1s, \u201cla heterogeneidad en cuanto a la territorialidad de cada uno de los conjueces, porque marca tambi\u00e9n un sentido federal a la designaci\u00f3n\u201d.<\/p>\n<p>\u201cSe trata de proyectos en los cuales seguimos avanzamos en la consolidaci\u00f3n del fortalecimiento de las instituciones democr\u00e1ticas. Y a pesar del dif\u00edcil contexto, este Senado no ha parado de trabajar, hemos intensificado nuestra labor\u201d, concluy\u00f3 su exposici\u00f3n pidiendo a sus pares que acompa\u00f1en con su voto.<\/p>\n<p>La lista de los juristas, 14 varones y 4 mujeres, se detalla a continuaci\u00f3n: Alejandro Daniel Canavesio, Gast\u00f3n Alberto Justet, Amado Siede, Mart\u00edn Acevedo Mi\u00f1o, Ra\u00fal Barrandeguy, Roberto Beh\u00e9ran, Luis Mar\u00eda Campos, Mar\u00eda Susana Ben\u00edtez, Enrique Marciano Mart\u00ednez, Miguel \u00c1ngel Federik, Ladislao Ferm\u00edn Uz\u00edn Olleros, Carlos Alberto Schiavo, Julio Federik, Blanca Raquel Acosta, Gabriela Mar\u00eda del Carmen Ceballos, Alejandro Daniel Briozzo, Mar\u00eda Elena Romero y Carlos Antonio Chemez.<\/p>\n<p>&nbsp;<\/p>\n<p><strong>Respaldo al Presidente en el acuerdo con la deuda<\/strong><\/p>\n<p>Durante el debate en el recinto, se trat\u00f3 el proyecto de declaraci\u00f3n de autor\u00eda de la senadora Claudia Gieco (Diamante- Frente Justicialista Creer Entre R\u00edos), por el que se declara el benepl\u00e1cito respecto al acuerdo del Gobierno nacional, a trav\u00e9s del Ministerio de Econom\u00eda, con los acreedores externos. Expediente N\u00ba 18749.<\/p>\n<p>En tal sentido, el senador Armando Gay solicit\u00f3 el tratamiento sobre tablas del proyecto de declaraci\u00f3n mencionado, que luego qued\u00f3 aprobado en forma un\u00e1nime.<\/p>\n<p>Sobre este punto, el senador Jorge Maradey (Gualeguaych\u00fa- Frente Justicialista Creer Entre R\u00edos) manifest\u00f3: \u201cQuiero destacar el trabajo realizado por nuestro presidente Alberto Fern\u00e1ndez y el ministro Mart\u00edn Guzm\u00e1n, tras el nuevo acuerdo arribado con los acreedores externos porque los pasos dados permiten la sustentabilidad de la deuda externa a largo plazo planteando una nueva l\u00f3gica de renegociaci\u00f3n cuando los compromisos de pagos asumidos no sean antag\u00f3nicos al crecimiento que necesita nuestro pa\u00eds para salir adelante de esta honda crisis que se encuentra, en otras palabras: no se entreg\u00f3 la soberan\u00eda econ\u00f3mica de nuestro pa\u00eds ni se plante\u00f3 aceptar cualquier tipo de condiciones\u201d. Y agreg\u00f3: \u201cEste nuevo arreglo nos permitir\u00e1 construir un nuevo modelo de desarrollo productivo y un Estado presente; y tambi\u00e9n que el crecimiento de todos los argentinos no vaya a contramano de esta enorme masa de endeudamiento que heredamos de la verdadera pesada herencia que gobern\u00f3 entre el 2015-19. Adem\u00e1s, nos da un nuevo horizonte de previsibilidad econ\u00f3mica\u201d, expuso el legislador tras expresar el respaldo a dicha gesti\u00f3n e inst\u00f3 a sus pares a acompa\u00f1ar la iniciativa con su voto.<\/p>\n<p>En tanto, el senador por el departamento Gualeguay Francisco Morchio (JxC) anticip\u00f3 el voto positivo del bloque y expres\u00f3: \u201cSomos parte de una oposici\u00f3n constructiva y entendemos que es positivo para el pa\u00eds y para la provincia haber llegado a este acuerdo\u201d, sostuvo.<\/p>\n<p>&nbsp;<\/p>\n<p><strong>Reforma del Reglamento<\/strong><\/p>\n<p>En la sesi\u00f3n de hoy tambi\u00e9n ingres\u00f3 el Proyecto de Resoluci\u00f3n por el que se modifica el art\u00edculo 30\u00ba del Reglamento de la Honorable C\u00e1mara de Senadores &#8211; T\u00edtulo IV de los Senadores (Expediente N\u00ba 13.681) para ser tratado en comisi\u00f3n.<\/p>\n<p>El proyecto propone incorporar la posibilidad de sesionar \u201cen la modalidad no presencial, por el sistema de videoconferencias, teleconferencias o por cualquier otro medio tecnol\u00f3gico que permita su realizaci\u00f3n acorde a los requerimientos y garant\u00edas establecidos tanto en normas constitucionales, como legales y reglamentarias\u201d. Esta disposici\u00f3n es aplicable tambi\u00e9n para las reuniones de las comisiones legislativas.<\/p>\n<p>\u201cSe entender\u00e1 como casos extraordinarios o de fuerza mayor a los fines de esta norma los siguientes: Declaraci\u00f3n de Emergencia Sanitaria por pandemias y epidemias decretadas por el Poder Ejecutivo Nacional; eventos clim\u00e1ticos extraordinarios que imposibiliten la concurrencia de los legisladores al recinto y, Cualquier otro evento con entidad suficiente que justifique su aplicaci\u00f3n a criterio de la autoridad competente\u201d, expresa el texto. Asimismo, en la iniciativa se agrega: \u201cExcepcionalmente, y a pedido de un legislador, con aprobaci\u00f3n de la simple mayor\u00eda del cuerpo se podr\u00e1 sesionar en cualquiera de los departamentos de nuestra provincia, en el marco del Senado Abierto\u201d.<\/p>\n<p>El senador por el Departamento Concordia explic\u00f3 el esp\u00edritu de la iniciativa aclarando que tiene el acompa\u00f1amiento de la totalidad de su bloque e indic\u00f3 que \u201cel acompa\u00f1amiento surge de la convicci\u00f3n de la necesidad de fortalecer los v\u00ednculos entre la C\u00e1mara de Senadores con la sociedad, en especial en los diferentes departamentos de la provincia\u201d.<\/p>\n<p>En los fundamentos, el legislador provincial explic\u00f3 que se estima \u201cnecesario prever en el reglamento, la posibilidad de sesionar en cada uno de ellos, a requerimiento de alguna senadora o senador, previa aprobaci\u00f3n de la mayor\u00eda del cuerpo\u201d. Y a\u00f1adi\u00f3: \u201cConsiderando crucial consolidar un Senado Abierto, de cara a la gente, una herramienta vital es la de sesionar donde se permita que vecinas y vecinos observen la din\u00e1mica de la sesi\u00f3n, y puedan, incluso, participar colegios y el estudiantado\u201d.<\/p>\n<p>\u201cEs esencial tener esta herramienta\u201d, dijo Gay tras destacar el trabajo que se realiza desde la Vicegobernaci\u00f3n con el programa del Senado Juvenil, con las Sesiones del Senado en vivo, con el impulso a las actividades culturales, entre otras.<\/p>\n<p>&nbsp;<\/p>\n<p><strong>Homenajes<\/strong><\/p>\n<p>Fue la senadora Claudia Gieco (Diamante-Frente Justicialista Creer Entre R\u00edos), qui\u00e9n en el turno de los homenajes, destac\u00f3 la figura de Eva Duarte de Per\u00f3n. \u201cHablar de Evita significa hacer una introspecci\u00f3n sobre la esencia del peronismo\u201d, expres\u00f3 tras mencionar los hechos y acontecimientos m\u00e1s significativos propiciados por Evita.<\/p>\n<p>En tal sentido, la Vicegobernadora adhiri\u00f3 al homenaje de Evita \u201cuna mujer que con su amor logr\u00f3 la ampliaci\u00f3n de derechos y las conquistas sociales en nuestro pa\u00eds\u201d, destac\u00f3 Stratta al respecto.<\/p>\n<p>Luego, el senador por el departamento Gualeguaych\u00fa, Jorge Maradey (Frente Justicialista Creer Entre R\u00edos), destac\u00f3 el avance en t\u00e9rminos de igualdad y paridad de g\u00e9nero que representa que Alicia Ben\u00edtez, titular de la Direcci\u00f3n Provincial de Vialidad de Entre R\u00edos, quien fue designada como presidenta del Consejo Vial Federal. \u201cCelebro que una mujer acceda a un cargo de esta categor\u00eda\u201d, manifest\u00f3 el legislador provincial.<\/p>\n<p>Por \u00faltimo, la senadora por el departamento Federal Nancy Miranda (Frente Justicialista Creer Entre R\u00edos) record\u00f3 que el 30 de julio se cumpli\u00f3 un mes del fallecimiento de la compa\u00f1era Ingrid Antilaf. Adem\u00e1s, mencion\u00f3 los fallecimientos de los compa\u00f1eros Juan Abolafia y Jos\u00e9 Laporta. \u201cJulio fue un mes triste para el partido justicialista\u201d, coment\u00f3.<\/p>\n<p>Seguidamente, el senador Francisco Morchio (Gualeguay) tambi\u00e9n adhiri\u00f3 al homenaje de Ingrid Antilaf. \u201cQuiero destacar su excelente predisposici\u00f3n en todo momento, es un justo homenaje al cual adhiero\u201d, manifest\u00f3 el legislador del bloque Juntos por el Cambio.<\/p>\n<p>\u201cAdherimos y expresamos un c\u00e1lido recuerdo para Ingrid\u201d, dijo la Vicegobernadora al concluir el turno de los homenajes.<\/p>\n<p>&nbsp;<\/p>\n<p><strong>Otros temas<\/strong><\/p>\n<p>La jornada de debate del cuerpo legislativo se complet\u00f3 con proyectos de ley de las senadoras y los senadores, declaraciones y comunicaciones que aluden a distintas tem\u00e1ticas de inter\u00e9s.<\/p>\n","protected":false},"excerpt":{"rendered":"<p>El Senado entrerriano aprob\u00f3 los pliegos de 18 conjueces, 14 varones y 4 mujeres, para el Superior Tribunal de Justicia (STJ). Los pliegos enviados por el Poder Ejecutivo provincial fueron aprobados con el apoyo de ambos bloques &nbsp; &nbsp; La Honorable C\u00e1mara de Senadores celebr\u00f3 este mi\u00e9rcoles por la tarde la 9\u00aa Sesi\u00f3n Ordinaria del 141\u00ba Per\u00edodo Legislativo, bajo modalidad virtual en el contexto de la pandemia por coronavirus. La titular de la C\u00e1mara de Senadores y vicegobernadora de la provincia, Laura Stratta, presidi\u00f3 la sesi\u00f3n desde el Recinto, junto&#8230;<\/p>\n","protected":false},"author":3,"featured_media":65199,"comment_status":"closed","ping_status":"closed","sticky":false,"template":"","format":"standard","meta":[],"categories":[15],"tags":[],"_links":{"self":[{"href":"https:\/\/www.actualidadadiario.com\/index.php\/wp-json\/wp\/v2\/posts\/65198"}],"collection":[{"href":"https:\/\/www.actualidadadiario.com\/index.php\/wp-json\/wp\/v2\/posts"}],"about":[{"href":"https:\/\/www.actualidadadiario.com\/index.php\/wp-json\/wp\/v2\/types\/post"}],"author":[{"embeddable":true,"href":"https:\/\/www.actualidadadiario.com\/index.php\/wp-json\/wp\/v2\/users\/3"}],"replies":[{"embeddable":true,"href":"https:\/\/www.actualidadadiario.com\/index.php\/wp-json\/wp\/v2\/comments?post=65198"}],"version-history":[{"count":1,"href":"https:\/\/www.actualidadadiario.com\/index.php\/wp-json\/wp\/v2\/posts\/65198\/revisions"}],"predecessor-version":[{"id":65200,"href":"https:\/\/www.actualidadadiario.com\/index.php\/wp-json\/wp\/v2\/posts\/65198\/revisions\/65200"}],"wp:featuredmedia":[{"embeddable":true,"href":"https:\/\/www.actualidadadiario.com\/index.php\/wp-json\/wp\/v2\/media\/65199"}],"wp:attachment":[{"href":"https:\/\/www.actualidadadiario.com\/index.php\/wp-json\/wp\/v2\/media?parent=65198"}],"wp:term":[{"taxonomy":"category","embeddable":true,"href":"https:\/\/www.actualidadadiario.com\/index.php\/wp-json\/wp\/v2\/categories?post=65198"},{"taxonomy":"post_tag","embeddable":true,"href":"https:\/\/www.actualidadadiario.com\/index.php\/wp-json\/wp\/v2\/tags?post=65198"}],"curies":[{"name":"wp","href":"https:\/\/api.w.org\/{rel}","templated":true}]}}