{"id":65196,"date":"2020-08-06T13:15:37","date_gmt":"2020-08-06T16:15:37","guid":{"rendered":"https:\/\/www.actualidadadiario.com\/?p=65196"},"modified":"2020-08-06T13:15:37","modified_gmt":"2020-08-06T16:15:37","slug":"el-gobierno-provincial-declaro-la-emergencia-ambiental-por-los-incendios-en-el-delta-entrerriano","status":"publish","type":"post","link":"https:\/\/www.actualidadadiario.com\/index.php\/2020\/08\/06\/el-gobierno-provincial-declaro-la-emergencia-ambiental-por-los-incendios-en-el-delta-entrerriano\/","title":{"rendered":"El Gobierno provincial declar\u00f3 la emergencia ambiental por los incendios en el delta entrerriano"},"content":{"rendered":"<p style=\"text-align: center;\"><em><strong>El gobierno entrerriano declar\u00f3 la emergencia ambiental en la zona del Delta entrerriano. La degradaci\u00f3n de los humedales y los efectos negativos en la salud producto del humo son los principales sustentos de la medida \u00b7 Alcanza a la zona del Delta entrerriano comprendido por los departamentos Diamante, Victoria, Gualeguay e Islas del Ibicuy<\/strong><\/em><\/p>\n<p>&nbsp;<\/p>\n<p>&nbsp;<\/p>\n<p>Seg\u00fan el decreto 1.096, la emergencia ambiental ratifica la suspensi\u00f3n del otorgamiento de autorizaciones de quemas en la zona, que la Secretar\u00eda de Ambiente ya hab\u00eda dispuesto meses atr\u00e1s mediante la prohibici\u00f3n de este tipo de pr\u00e1ctica.<\/p>\n<p>La zona del Delta entrerriano se encuentra especialmente afectada por la bajante hist\u00f3rica del r\u00edo Paran\u00e1 y la sequ\u00eda de lagunas y humedales caracter\u00edsticos del lugar, exponiendo material org\u00e1nico que funciona como combustible para la propagaci\u00f3n de incendios. En ese contexto, desde junio comenz\u00f3 a detectarse un aumento considerable de los focos \u00edgneos en la zona, presumiblemente provocados para obtener rebrote como forraje para el ganado, para limpieza de la zona de las viviendas de los pobladores o como consecuencia de actividades recreativas de pesca y caza.<\/p>\n<p>La emisi\u00f3n del humo producto de los incendios, que afecta a ciudades entrerrianas y santafesinas y la elevada degradaci\u00f3n ambiental de la zona de humedales hacen necesaria la adopci\u00f3n de este tipo de medidas tendientes a mitigar y prevenir la propagaci\u00f3n de los efectos perjudiciales al ambiente provocados por la situaci\u00f3n descripta.<\/p>\n<p>El decreto menciona a su vez que todas las cuencas h\u00eddricas que atraviesan el territorio provincial est\u00e1n atravesando una situaci\u00f3n extraordinaria a causa de la disminuci\u00f3n del caudal de los r\u00edos y sus afluentes que responde a un fen\u00f3meno clim\u00e1tico de origen natural inducido por un d\u00e9ficit hist\u00f3rico de precipitaciones en la regi\u00f3n.<\/p>\n<p>La medida alcanza a la zona del Delta entrerriano comprendido por los departamentos Diamante, Victoria, Gualeguay e Islas del Ibicuy.<\/p>\n<p>&nbsp;<\/p>\n<p><strong>Acciones<\/strong><\/p>\n<p>Desde principios de junio el Plan de Manejo del Fuego, de la Secretar\u00eda de Ambiente de Entre R\u00edos, Defensa Civil y la Polic\u00eda entrerriana, dependientes del Ministerio de Gobierno, y en articulaci\u00f3n con el Servicio Nacional de Manejo del Fuego y la provincia de Santa Fe, vienen desarrollando acciones en territorio para combatir los incendios.<\/p>\n<p>Para ello se dispuso de brigadistas entrerrianos y se gestion\u00f3 la asistencia de naci\u00f3n con medios a\u00e9reos para llegar a las zonas de dif\u00edcil acceso v\u00eda terrestre o acu\u00e1tica.<\/p>\n<p>Adem\u00e1s, de lo operativo, se trabaja en la fase administrativa, labrando actas de infracci\u00f3n y aplicando multas por incumplimiento a la Ley 9868.<\/p>\n<p>A su vez, el gobierno entrerriano avanza con acciones ante la justicia contra los responsables de las quemas que son ilegales, teniendo en cuenta que la Secretar\u00eda de Ambiente no est\u00e1 otorgando autorizaciones de quemas en la zona.<\/p>\n<p>Las acciones legales incluyen la denuncia penal presentada en junio pasado por el gobernador Gustavo Bordet ante el Juez Federal competente, por violaci\u00f3n del art\u00edculo 186 del C\u00f3digo Penal, que establece que el que causare incendio, explosi\u00f3n o inundaci\u00f3n ser\u00e1 reprimido con prisi\u00f3n de tres a 10 a\u00f1os, si hubiere peligro com\u00fan para los bienes. Y se constituy\u00f3 como querellante particular en la causa judicial que tramita en el Poder Judicial de la Naci\u00f3n a ra\u00edz de la quema en las islas.<\/p>\n<p>Para la detecci\u00f3n temprana, las fuerzas de seguridad entrerrianas instalar\u00e1n torres de videovigilancia.<\/p>\n<p>&nbsp;<\/p>\n<p><strong>Sustento legal<\/strong><\/p>\n<p>La declaraci\u00f3n de la emergencia ambiental se sustenta en el derecho de todo habitante a un ambiente sano, tal como lo establece el art\u00edculo 41 de la Constituci\u00f3n Nacional; y el principio de prevenci\u00f3n que manda a atender de forma prioritaria e integral a los fines de prevenir efectos negativos que sobre el ambiente se puedan producir, seg\u00fan consta en la Ley General del Ambiente N\u00ba 25.675.<\/p>\n<p>Adem\u00e1s, en los considerandos del decreto se menciona el art\u00edculo 22 de la Constituci\u00f3n provincial que dispone el derecho a vivir en un ambiente sano y equilibrado; y el art\u00edculo 83 mediante el cual se garantiza la aplicaci\u00f3n del principio de prevenci\u00f3n, sustentabilidad y se le otorga el poder de polic\u00eda en materia ambiental al Estado provincial, a los municipios y a las comunas, de modo recurrente.<\/p>\n<p>Y tambi\u00e9n se hace menci\u00f3n a la Ley N\u00ba 9.868 de Manejo y Prevenci\u00f3n del Fuego en \u00c1reas Rurales y Forestales, que proh\u00edbe el uso del fuego en dicho \u00e1mbito y declara de inter\u00e9s p\u00fablico las medidas para prevenir y combatir los incendios rurales y forestales.<\/p>\n","protected":false},"excerpt":{"rendered":"<p>El gobierno entrerriano declar\u00f3 la emergencia ambiental en la zona del Delta entrerriano. La degradaci\u00f3n de los humedales y los efectos negativos en la salud producto del humo son los principales sustentos de la medida \u00b7 Alcanza a la zona del Delta entrerriano comprendido por los departamentos Diamante, Victoria, Gualeguay e Islas del Ibicuy &nbsp; &nbsp; Seg\u00fan el decreto 1.096, la emergencia ambiental ratifica la suspensi\u00f3n del otorgamiento de autorizaciones de quemas en la zona, que la Secretar\u00eda de Ambiente ya hab\u00eda dispuesto meses atr\u00e1s mediante la prohibici\u00f3n de este&#8230;<\/p>\n","protected":false},"author":3,"featured_media":65141,"comment_status":"closed","ping_status":"closed","sticky":false,"template":"","format":"standard","meta":[],"categories":[15],"tags":[],"_links":{"self":[{"href":"https:\/\/www.actualidadadiario.com\/index.php\/wp-json\/wp\/v2\/posts\/65196"}],"collection":[{"href":"https:\/\/www.actualidadadiario.com\/index.php\/wp-json\/wp\/v2\/posts"}],"about":[{"href":"https:\/\/www.actualidadadiario.com\/index.php\/wp-json\/wp\/v2\/types\/post"}],"author":[{"embeddable":true,"href":"https:\/\/www.actualidadadiario.com\/index.php\/wp-json\/wp\/v2\/users\/3"}],"replies":[{"embeddable":true,"href":"https:\/\/www.actualidadadiario.com\/index.php\/wp-json\/wp\/v2\/comments?post=65196"}],"version-history":[{"count":1,"href":"https:\/\/www.actualidadadiario.com\/index.php\/wp-json\/wp\/v2\/posts\/65196\/revisions"}],"predecessor-version":[{"id":65197,"href":"https:\/\/www.actualidadadiario.com\/index.php\/wp-json\/wp\/v2\/posts\/65196\/revisions\/65197"}],"wp:featuredmedia":[{"embeddable":true,"href":"https:\/\/www.actualidadadiario.com\/index.php\/wp-json\/wp\/v2\/media\/65141"}],"wp:attachment":[{"href":"https:\/\/www.actualidadadiario.com\/index.php\/wp-json\/wp\/v2\/media?parent=65196"}],"wp:term":[{"taxonomy":"category","embeddable":true,"href":"https:\/\/www.actualidadadiario.com\/index.php\/wp-json\/wp\/v2\/categories?post=65196"},{"taxonomy":"post_tag","embeddable":true,"href":"https:\/\/www.actualidadadiario.com\/index.php\/wp-json\/wp\/v2\/tags?post=65196"}],"curies":[{"name":"wp","href":"https:\/\/api.w.org\/{rel}","templated":true}]}}