{"id":65193,"date":"2020-08-06T13:14:55","date_gmt":"2020-08-06T16:14:55","guid":{"rendered":"https:\/\/www.actualidadadiario.com\/?p=65193"},"modified":"2020-08-06T13:14:55","modified_gmt":"2020-08-06T16:14:55","slug":"la-provincia-ingresa-en-el-tercer-ciclo-de-contagios","status":"publish","type":"post","link":"https:\/\/www.actualidadadiario.com\/index.php\/2020\/08\/06\/la-provincia-ingresa-en-el-tercer-ciclo-de-contagios\/","title":{"rendered":"La provincia ingresa en el tercer ciclo de contagios"},"content":{"rendered":"<p style=\"text-align: center;\"><em><strong>Desde el Ministerio de Salud se detall\u00f3 la situaci\u00f3n que atraviesa Entre R\u00edos en torno al Covid, precisando que actualmente est\u00e1 lo que se denomina tercer ciclo o tercer brote de contagio. En relaci\u00f3n a los pacientes con el virus se indic\u00f3 que la mayor\u00eda tiene menos de 60 a\u00f1os<\/strong><\/em><\/p>\n<p>&nbsp;<\/p>\n<p>&nbsp;<\/p>\n<p>El director General de Epidemiolog\u00eda, Diego Garcilazo, se refiri\u00f3 a la situaci\u00f3n epidemiol\u00f3gica de la provincia durante la conferencia de prensa virtual realizada este mi\u00e9rcoles.<\/p>\n<p>Precis\u00f3 que este mi\u00e9rcoles se contabilizaron 20 casos nuevos de coronavirus en la provincia de Entre R\u00edos, de los cuales 12 corresponden a la ciudad de Paran\u00e1, uno a la localidad de Col\u00f3n, dos a Gualeguaych\u00fa, un caso a Chajar\u00ed, uno a Nogoy\u00e1 y tres casos en Diamante.<\/p>\n<p>Apunt\u00f3 que esto hacen un acumulado de 905 casos en total en la provincia, tras lo cual explic\u00f3 que, en relaci\u00f3n a como se han venido distribuyendo los casos en el tiempo, en la provincia se est\u00e1n dando los casos a trav\u00e9s de brotes.<\/p>\n<p>Y apunt\u00f3: \u201cTuvimos uno en junio bastante importante, relacionados principalmente al caso de Paran\u00e1; en julio se da otro brote en relaci\u00f3n al caso principalmente la localidad de Paran\u00e1 sumaba tambi\u00e9n a Gualeguaych\u00fa; y la mayor\u00eda de los casos que corresponda en estas localidades&#8221;.<\/p>\n<p>Garcilazo puntualiz\u00f3 que en la provincia se est\u00e1 lo que se denomina tercer ciclo o tercer brote de contagio. Dijo que en relaci\u00f3n a lo que es la distribuci\u00f3n por grupos de edad, la mayor\u00eda de los pacientes tienen menos de 60 a\u00f1os, con grupos de entre 20 y 60 a\u00f1os que son el grupo econ\u00f3micamente activo el m\u00e1s afectado, donde se ocurren mayor cantidad de contagios.<\/p>\n<p>Aclar\u00f3 que &#8220;tenemos un grupo de personas mayores de 60 a\u00f1os, si bien este grupo es menor hay que tener en cuenta que estos son los grupos que tienen una mayor letalidad desde el punto de vista epidemiol\u00f3gico&#8221;.<\/p>\n<p>Explic\u00f3 que en relaci\u00f3n a las curvas epid\u00e9micas en las dos ciudad donde hay una circulaci\u00f3n local m\u00e1s activa, que son Paran\u00e1 y Gualeguaych\u00fa, lo que se ha observado al d\u00eda de la fecha es que en Gualeguaych\u00fa, tras el pico de julio, hay una tendencia al control de los casos. \u201cSi bien hubo un d\u00eda con varias notificaciones en esta \u00faltima semanas, vemos claramente que se observa un descenso de los casos. Esto no quiere decir que la situaci\u00f3n est\u00e9 controlada, pero s\u00ed que Gualeguaych\u00fa se va alejando de ese primer brote de Julio&#8221;.<\/p>\n<p>&nbsp;<\/p>\n<p><strong>En Paran\u00e1<\/strong><\/p>\n<p>Luego se refiri\u00f3 a la situaci\u00f3n de Paran\u00e1, que dijo que es distinta. &#8220;En Paran\u00e1 se registr\u00f3 el primer brote y luego el segundo brote que fue en julio, y ahora estamos viendo un proceso del tercer ciclo de contagios en relaci\u00f3n a los a los casos de los de los anteriores. Esto es importante a tener en cuenta dado que la enfermedad se transmite de persona a persona. Si vemos el segundo brote es consecuencia de los contagios relacionados al primer brote, y hay un tiempo de incubaci\u00f3n entre cada brote, en este momento estar\u00eda la ciudad Paran\u00e1 entrando en el tercer brote, que si vemos la relaci\u00f3n entre los anteriores que fueron mayor entre s\u00ed, la posibilidad de que este brote sea mayor a los dos anteriores es muy alta&#8221;, explic\u00f3 Garcilazo.<\/p>\n<p>Finalmente en relaci\u00f3n a lo que tiene que ver con los conglomerados y los clasters que se han estado detectando en nuestra ciudad, Garcilazo, dijo que &#8220;tenemos ya cinco clasters detectado importante, que ya tiene m\u00e1s de m\u00e1s de ocho casos, algunos todav\u00eda se encuentran activos. Tambi\u00e9n tenemos 21 claster entre cuatro y ocho casos aproximadamente y cerca de 40 clasters con casos con menos de cuatro casos&#8221;, detall\u00f3 el funcionario.<\/p>\n","protected":false},"excerpt":{"rendered":"<p>Desde el Ministerio de Salud se detall\u00f3 la situaci\u00f3n que atraviesa Entre R\u00edos en torno al Covid, precisando que actualmente est\u00e1 lo que se denomina tercer ciclo o tercer brote de contagio. En relaci\u00f3n a los pacientes con el virus se indic\u00f3 que la mayor\u00eda tiene menos de 60 a\u00f1os &nbsp; &nbsp; El director General de Epidemiolog\u00eda, Diego Garcilazo, se refiri\u00f3 a la situaci\u00f3n epidemiol\u00f3gica de la provincia durante la conferencia de prensa virtual realizada este mi\u00e9rcoles. Precis\u00f3 que este mi\u00e9rcoles se contabilizaron 20 casos nuevos de coronavirus en la&#8230;<\/p>\n","protected":false},"author":3,"featured_media":65194,"comment_status":"closed","ping_status":"closed","sticky":false,"template":"","format":"standard","meta":[],"categories":[9],"tags":[],"_links":{"self":[{"href":"https:\/\/www.actualidadadiario.com\/index.php\/wp-json\/wp\/v2\/posts\/65193"}],"collection":[{"href":"https:\/\/www.actualidadadiario.com\/index.php\/wp-json\/wp\/v2\/posts"}],"about":[{"href":"https:\/\/www.actualidadadiario.com\/index.php\/wp-json\/wp\/v2\/types\/post"}],"author":[{"embeddable":true,"href":"https:\/\/www.actualidadadiario.com\/index.php\/wp-json\/wp\/v2\/users\/3"}],"replies":[{"embeddable":true,"href":"https:\/\/www.actualidadadiario.com\/index.php\/wp-json\/wp\/v2\/comments?post=65193"}],"version-history":[{"count":1,"href":"https:\/\/www.actualidadadiario.com\/index.php\/wp-json\/wp\/v2\/posts\/65193\/revisions"}],"predecessor-version":[{"id":65195,"href":"https:\/\/www.actualidadadiario.com\/index.php\/wp-json\/wp\/v2\/posts\/65193\/revisions\/65195"}],"wp:featuredmedia":[{"embeddable":true,"href":"https:\/\/www.actualidadadiario.com\/index.php\/wp-json\/wp\/v2\/media\/65194"}],"wp:attachment":[{"href":"https:\/\/www.actualidadadiario.com\/index.php\/wp-json\/wp\/v2\/media?parent=65193"}],"wp:term":[{"taxonomy":"category","embeddable":true,"href":"https:\/\/www.actualidadadiario.com\/index.php\/wp-json\/wp\/v2\/categories?post=65193"},{"taxonomy":"post_tag","embeddable":true,"href":"https:\/\/www.actualidadadiario.com\/index.php\/wp-json\/wp\/v2\/tags?post=65193"}],"curies":[{"name":"wp","href":"https:\/\/api.w.org\/{rel}","templated":true}]}}