{"id":65190,"date":"2020-08-06T13:13:55","date_gmt":"2020-08-06T16:13:55","guid":{"rendered":"https:\/\/www.actualidadadiario.com\/?p=65190"},"modified":"2020-08-06T13:13:55","modified_gmt":"2020-08-06T16:13:55","slug":"bordet-define-los-terminos-en-que-se-dara-la-renegociacion-de-la-deuda-provincial","status":"publish","type":"post","link":"https:\/\/www.actualidadadiario.com\/index.php\/2020\/08\/06\/bordet-define-los-terminos-en-que-se-dara-la-renegociacion-de-la-deuda-provincial\/","title":{"rendered":"Bordet define los t\u00e9rminos en que se dar\u00e1 la renegociaci\u00f3n de la deuda provincial"},"content":{"rendered":"<p style=\"text-align: center;\"><em><strong>El gobernador Gustavo Bordet se reuni\u00f3 con el ministro de Econom\u00eda, Hugo Ballay, para analizar detalles de la propuesta que trabaja la provincia para la reestructuraci\u00f3n de la deuda de Entre R\u00edos. Adem\u00e1s, se inform\u00f3 que se transferir\u00e1n otros 150 millones de pesos para asistir a los municipios<\/strong><\/em><\/p>\n<p>&nbsp;<\/p>\n<p>&nbsp;<\/p>\n<p>El mandatario dialog\u00f3 con el ministro distintas cuestiones de la econom\u00eda provincial, entre ellas c\u00f3mo ser\u00e1n las negociaciones por la deuda provincial, tras el acuerdo concretado por el gobierno nacional con los acreedores externos.<\/p>\n<p>Asimismo, se inform\u00f3 que se transferir\u00e1n los restantes 150 millones de pesos, del total de 300 millones que surgen de rentas generales, para los municipios entrerrianos. Su distribuci\u00f3n es, en un 90 por ciento de acuerdo al \u00edndice de coparticipaci\u00f3n, y en un 10 por ciento, de acuerdo a los casos de Covid-19 que hayan registrado. La primera remisi\u00f3n se efectu\u00f3 los primeros d\u00edas de julio.<\/p>\n<p>&nbsp;<\/p>\n<p><strong>Acuerdo nacional con los acreedores<\/strong><\/p>\n<p>Respecto al acuerdo al que arrib\u00f3 el gobierno nacional con los acreedores externos, el ministro consider\u00f3 como &#8220;muy importante que se haya cerrado un acuerdo con los principales tenedores de t\u00edtulo&#8221; y explic\u00f3 que &#8220;en toda negociaci\u00f3n uno arranca de un piso. Seguramente Naci\u00f3n analizaba la posibilidad de llegar a un valor medio, sustentable\u201d, dijo y resalt\u00f3 la importancia de contar con \u201cdiferentes per\u00edodos de vencimiento de capital\u201d tal como qued\u00f3 plasmado en el acuerdo alcanzado. \u201cCreo que esto es una de las grandes ventajas&#8221;, destac\u00f3.<\/p>\n<p>En ese marco, retom\u00f3 conceptos del ministro de Econom\u00eda, Mart\u00edn Guzman, respecto al tema y dijo que en los pr\u00f3ximos tres a\u00f1os Argentina estar\u00e1 &#8220;un tanto liberada de esos compromisos de deuda que se deb\u00edan enfrentar y que disminu\u00eda cualquier posibilidad de crecimiento del pa\u00eds&#8221;.<\/p>\n<p>&#8220;Creo que el valor alcanzando, si uno lo compara con el que inicialmente ofreci\u00f3 el gobierno nacional, puede pensarse como demasiado, pero es una negociaci\u00f3n que lleg\u00f3 a muy buen resultado&#8221;, insisti\u00f3.<\/p>\n<p>&nbsp;<\/p>\n<p><strong>Deuda de Entre R\u00edos<\/strong><\/p>\n<p>En relaci\u00f3n a la situaci\u00f3n de Entre R\u00edos, el ministro de Econom\u00eda precis\u00f3 que &#8220;la provincia tiene emitido un t\u00edtulo de 500 millones de d\u00f3lares. Y hago hincapi\u00e9 en que es un s\u00f3lo t\u00edtulo, porque esto hace que nuestra negociaci\u00f3n sea bastante m\u00e1s sencilla. En cambio, el gobierno nacional ten\u00eda distintas cantidades, vencimientos y monedas de t\u00edtulos. En nuestro caso, seguramente facilitar\u00e1 la negociaci\u00f3n&#8221;.<\/p>\n<p>Explic\u00f3 que &#8220;es un cr\u00e9dito internacional de 500 millones de d\u00f3lares que la provincia tom\u00f3 en 2017\u201d, y que \u201cest\u00e1bamos pagando los intereses en febrero y agosto\u201d. \u201cEl capital vence en 2023, 2024 y 2025\u201d, aclar\u00f3.<\/p>\n<p>\u201cCon este esquema iniciamos la negociaci\u00f3n para reestructurar. Ven\u00edamos trabajando hace aproximadamente 40 d\u00edas en cuanto a la selecci\u00f3n de la instituci\u00f3n bancaria, estudios jur\u00eddicos internacionales que nos acompa\u00f1en y coincidentemente -porque nuestro anuncio ten\u00eda que ser antes del 8 de agosto, fecha del pr\u00f3ximo vencimiento de intereses-, lo hacemos en forma simult\u00e1nea con el arreglo con el gobierno nacional&#8221;, explic\u00f3.<\/p>\n<p>Consultado sobre los acreedores de la provincia, Ballay detall\u00f3 que &#8220;son tenedores de un t\u00edtulo que puede estar concentrado -como se dio en el gobierno nacional en el que tres fondos de inversi\u00f3n ten\u00edan la mayor\u00eda suficiente para negociar-, pero tambi\u00e9n puede haber tenedores individuales de bonos&#8221;.<\/p>\n<p>Dicho esto, inform\u00f3 que se contrat\u00f3 al banco HSBC, &#8220;uno de los tres bancos que nos acompa\u00f1\u00f3 tambi\u00e9n en la emisi\u00f3n&#8221;, al igual los estudios jur\u00eddicos y los agentes de informaci\u00f3n; estos \u00faltimos aparecen exclusivamente en la instancia de negociaci\u00f3n para identificar a la mayor cantidad de tenedores de t\u00edtulos, para ponerlo en contacto, en este caso, con el banco que lleva adelante la negociaci\u00f3n; y &#8220;en comunicaci\u00f3n permanente con el gobierno para hacer ofertas y rediscusiones sobre las mismas&#8221;.<\/p>\n<p>En cuanto a lo que la provincia prev\u00e9 ofrecer, el ministro de Econom\u00eda entendi\u00f3 que &#8220;ser\u00e1 muy dif\u00edcil obtener un resultado similar al nacional. Como antecedente est\u00e1n otras provincias, como por ejemplo Mendoza, que ofreci\u00f3 algo mucho m\u00e1s alto y todav\u00eda no lleg\u00f3 a un acuerdo; y la provincia de Buenos Aires. Estas dos provincias est\u00e1n en una situaci\u00f3n de cesaci\u00f3n de pagos. En el caso nuestro no, porque hacemos la comunicaci\u00f3n antes del vencimiento&#8221;.<\/p>\n<p>Luego, el ministro estim\u00f3 que &#8220;lo que consigan las provincias va a ser menos ventajoso que lo del gobierno nacional. Esto tambi\u00e9n se reflej\u00f3 en el momento de las colocaciones, puesto que las provincias pagamos un inter\u00e9s m\u00e1s alto del que consegu\u00eda el gobierno nacional. En esto tienen mucho que ver los montos de deudas y seguramente las condiciones de la provincia. No es una situaci\u00f3n que uno pueda decir: estoy dispuesto a pagar tanto; hay que demostrarlo en los n\u00fameros, en las proyecciones, que realmente se va a poder hacer frente a los compromisos que asume&#8221;.<\/p>\n<p>M\u00e1s adelante, Ballay mencion\u00f3 que &#8220;el valor que logr\u00f3 el gobierno nacional es 54,8 d\u00f3lares respecto de 100. Mendoza lleg\u00f3 a ofrecer por encima de los 70, y todav\u00eda no ha hecho un acuerdo; mientras que provincia de Buenos Aires est\u00e1 por encima de los 60 d\u00f3lares cada 100, y tambi\u00e9n est\u00e1 en negociaciones&#8221;.<\/p>\n<p>&#8220;Nosotros esperaremos y trabajaremos para obtener la mayor ventaja posible con dos situaciones, que no es solamente reducci\u00f3n de tasas de inter\u00e9s, sino tambi\u00e9n poder incidir los vencimientos del capital en mayor cantidad de a\u00f1os para que la incidencia en esos a\u00f1os no sea tan significativa ni exigente para la provincia&#8221;, precis\u00f3.<\/p>\n<p>Indic\u00f3 luego que los tenedores de los bonos en su momento los adquirieron &#8220;al 8,75 de inter\u00e9s. Todos los cupones de inter\u00e9s que pag\u00f3 la provincia en febrero y agosto fueron en base a ese inter\u00e9s&#8221;.<\/p>\n<p>Con respecto a la garant\u00eda que puso la provincia, expres\u00f3 que &#8220;es la autorizaci\u00f3n del soberano, o sea la autorizaci\u00f3n del gobierno nacional. Ni siquiera tienen garant\u00eda de coparticipaci\u00f3n. Algunas provincias han emitido con garant\u00edas de regal\u00edas, pero en el caso nuestro no tiene una afectaci\u00f3n directa de la coparticipaci\u00f3n como garant\u00eda\u201d, pero advirti\u00f3 que \u201clos riesgos de entrar en cesaci\u00f3n de pagos son muchos mayores que la afectaci\u00f3n de la garant\u00eda de coparticipaci\u00f3n&#8221;.<\/p>\n<p>En cuanto al &#8220;plazo ideal&#8221; para la renegociaci\u00f3n, Ballay coment\u00f3 que &#8220;es el que est\u00e1 contemplado en el mismo contrato en el que se origin\u00f3 el t\u00edtulo, que son 30 d\u00edas. Estos 30 d\u00edas no ponen en riesgo en absoluto a la posible cesaci\u00f3n de pago de la provincia, porque est\u00e1n dentro del plazo que contractualmente se estima como de negociaci\u00f3n; pero tenemos el antecedente reciente del gobierno nacional que le llev\u00f3 varios meses y no tuvo dificultades de que nadie denuncie esa cesaci\u00f3n de pago, que es lo m\u00e1s grave&#8221;.<\/p>\n<p>Finalmente, indic\u00f3 que &#8220;el equipo del Ministerio est\u00e1 trabajando en una proyecci\u00f3n a 10 a\u00f1os&#8221;, teniendo en cuenta algunas variables, y que en la presentaci\u00f3n se indicar\u00e1 &#8220;en qu\u00e9 momento podemos hacer frente al capital de este cr\u00e9dito. La intenci\u00f3n es que en lugar de que el vencimiento sea un 33 por ciento por a\u00f1o, seguramente intentaremos que la incidencia sea en mayor cantidad de a\u00f1os para evitar que esos a\u00f1os se compliquen financieramente&#8221;.<\/p>\n","protected":false},"excerpt":{"rendered":"<p>El gobernador Gustavo Bordet se reuni\u00f3 con el ministro de Econom\u00eda, Hugo Ballay, para analizar detalles de la propuesta que trabaja la provincia para la reestructuraci\u00f3n de la deuda de Entre R\u00edos. Adem\u00e1s, se inform\u00f3 que se transferir\u00e1n otros 150 millones de pesos para asistir a los municipios &nbsp; &nbsp; El mandatario dialog\u00f3 con el ministro distintas cuestiones de la econom\u00eda provincial, entre ellas c\u00f3mo ser\u00e1n las negociaciones por la deuda provincial, tras el acuerdo concretado por el gobierno nacional con los acreedores externos. Asimismo, se inform\u00f3 que se transferir\u00e1n&#8230;<\/p>\n","protected":false},"author":3,"featured_media":65191,"comment_status":"closed","ping_status":"closed","sticky":false,"template":"","format":"standard","meta":[],"categories":[9,15],"tags":[],"_links":{"self":[{"href":"https:\/\/www.actualidadadiario.com\/index.php\/wp-json\/wp\/v2\/posts\/65190"}],"collection":[{"href":"https:\/\/www.actualidadadiario.com\/index.php\/wp-json\/wp\/v2\/posts"}],"about":[{"href":"https:\/\/www.actualidadadiario.com\/index.php\/wp-json\/wp\/v2\/types\/post"}],"author":[{"embeddable":true,"href":"https:\/\/www.actualidadadiario.com\/index.php\/wp-json\/wp\/v2\/users\/3"}],"replies":[{"embeddable":true,"href":"https:\/\/www.actualidadadiario.com\/index.php\/wp-json\/wp\/v2\/comments?post=65190"}],"version-history":[{"count":1,"href":"https:\/\/www.actualidadadiario.com\/index.php\/wp-json\/wp\/v2\/posts\/65190\/revisions"}],"predecessor-version":[{"id":65192,"href":"https:\/\/www.actualidadadiario.com\/index.php\/wp-json\/wp\/v2\/posts\/65190\/revisions\/65192"}],"wp:featuredmedia":[{"embeddable":true,"href":"https:\/\/www.actualidadadiario.com\/index.php\/wp-json\/wp\/v2\/media\/65191"}],"wp:attachment":[{"href":"https:\/\/www.actualidadadiario.com\/index.php\/wp-json\/wp\/v2\/media?parent=65190"}],"wp:term":[{"taxonomy":"category","embeddable":true,"href":"https:\/\/www.actualidadadiario.com\/index.php\/wp-json\/wp\/v2\/categories?post=65190"},{"taxonomy":"post_tag","embeddable":true,"href":"https:\/\/www.actualidadadiario.com\/index.php\/wp-json\/wp\/v2\/tags?post=65190"}],"curies":[{"name":"wp","href":"https:\/\/api.w.org\/{rel}","templated":true}]}}