{"id":65187,"date":"2020-08-05T13:14:43","date_gmt":"2020-08-05T16:14:43","guid":{"rendered":"https:\/\/www.actualidadadiario.com\/?p=65187"},"modified":"2020-08-05T13:14:43","modified_gmt":"2020-08-05T16:14:43","slug":"chile-sanciono-una-ley-de-fortalecimiento-de-sus-derechos-soberanos-en-la-antartida-que-se-superponen-con-el-territorio-argentino","status":"publish","type":"post","link":"https:\/\/www.actualidadadiario.com\/index.php\/2020\/08\/05\/chile-sanciono-una-ley-de-fortalecimiento-de-sus-derechos-soberanos-en-la-antartida-que-se-superponen-con-el-territorio-argentino\/","title":{"rendered":"Chile sancion\u00f3 una ley de fortalecimiento de sus &#8220;derechos soberanos&#8221; en la Ant\u00e1rtida que se superponen con el territorio argentino"},"content":{"rendered":"<p style=\"text-align: center;\"><em><strong>Para la Canciller\u00eda trasandina, se trata de una &#8220;modernizaci\u00f3n&#8221; que no representa una r\u00e9plica a la nueva demarcaci\u00f3n de la plataforma mar\u00edtima<\/strong><\/em><\/p>\n<p>&nbsp;<\/p>\n<p>&nbsp;<\/p>\n<p>Casi en simultaneidad con la sanci\u00f3n por parte del Congreso argentino de la demarcaci\u00f3n del l\u00edmite exterior de la plataforma continental, el Parlamento de Chile aprob\u00f3 por ley la creaci\u00f3n de un Estatuto Ant\u00e1rtico, que apunta a la \u201cprotecci\u00f3n y fortalecimiento de los derechos soberanos\u201d que ese pa\u00eds reclama sobre una parte de la Ant\u00e1rtida que coincide con el territorio argentino.<\/p>\n<p>La porci\u00f3n del territorio ant\u00e1rtico que Chile reconoce como propio est\u00e1 comprendida entre los meridianos 53\u00b00 y 90\u00b0 del oeste de Greenwich, que se superpone en parte con el Territorio Ant\u00e1rtico Argentino, entre los meridianos 74\u00b0 y 25\u00b0.<\/p>\n<p>El martes 4 de agosto, la C\u00e1mara de Diputados chilena aprob\u00f3 por unanimidad un proyecto que, de acuerdo con lo se\u00f1alado por funcionarios del gobierno de Sebasti\u00e1n Pi\u00f1era, llevaba seis a\u00f1os de an\u00e1lisis.<\/p>\n<p>Medios trasandinos destacaron que la aprobaci\u00f3n de la ley se dio d\u00edas despu\u00e9s de que el Senado argentino aprobara, tambi\u00e9n por unanimidad, dos proyectos que reafirman la soberan\u00eda sobre las islas Malvinas, Georgias y Sandwich del Sur y la demarcaci\u00f3n exterior de la plataforma mar\u00edtima, que esta madrugada Diputados convirti\u00f3 en ley.<\/p>\n<p>El Gobierno de Pi\u00f1era, luego de la aprobaci\u00f3n en el Senado, envi\u00f3 notas de reclamo al canciller Felipe Sol\u00e1 y tambi\u00e9n a las Naciones Unidas, adem\u00e1s de acelerar la sanci\u00f3n legal del Estatuto Ant\u00e1rtico.<\/p>\n<p>Para el ministro de Relaciones Exteriores chileno, Andr\u00e9s Allamand, el Estatuto \u201ces una modernizaci\u00f3n muy importante\u201d, en el convencimiento de que \u201cChile es la puerta de entrada a la Ant\u00e1rtida\u201d.<\/p>\n<p>\u201cEsta ley viene adem\u00e1s en un momento muy oportuno, porque reafirma nuestra soberan\u00eda en esa regi\u00f3n, tan importante para Chile y para el mundo\u201d, a\u00f1adi\u00f3.<\/p>\n<p>Por su parte, el ministro de Defensa, Mario Desbordes, rechaz\u00f3 que la ley se haya sancionado como represalia a la decisi\u00f3n argentina de fijar la nueva demarcaci\u00f3n de la plataforma mar\u00edtima.<\/p>\n<p>Por el contrario, asegur\u00f3 que el proyecto del Estatuto Ant\u00e1rtico chileno \u201cviene desde 2014, por lo tanto es un proyecto que se tramita hace mucho tiempo, fue visto por las comisiones en la C\u00e1mara y en el Senado, mucho antes de las \u00faltimas declaraciones del Gobierno argentino\u201d.<\/p>\n","protected":false},"excerpt":{"rendered":"<p>Para la Canciller\u00eda trasandina, se trata de una &#8220;modernizaci\u00f3n&#8221; que no representa una r\u00e9plica a la nueva demarcaci\u00f3n de la plataforma mar\u00edtima &nbsp; &nbsp; Casi en simultaneidad con la sanci\u00f3n por parte del Congreso argentino de la demarcaci\u00f3n del l\u00edmite exterior de la plataforma continental, el Parlamento de Chile aprob\u00f3 por ley la creaci\u00f3n de un Estatuto Ant\u00e1rtico, que apunta a la \u201cprotecci\u00f3n y fortalecimiento de los derechos soberanos\u201d que ese pa\u00eds reclama sobre una parte de la Ant\u00e1rtida que coincide con el territorio argentino. La porci\u00f3n del territorio ant\u00e1rtico&#8230;<\/p>\n","protected":false},"author":3,"featured_media":65188,"comment_status":"closed","ping_status":"closed","sticky":false,"template":"","format":"standard","meta":[],"categories":[4],"tags":[],"_links":{"self":[{"href":"https:\/\/www.actualidadadiario.com\/index.php\/wp-json\/wp\/v2\/posts\/65187"}],"collection":[{"href":"https:\/\/www.actualidadadiario.com\/index.php\/wp-json\/wp\/v2\/posts"}],"about":[{"href":"https:\/\/www.actualidadadiario.com\/index.php\/wp-json\/wp\/v2\/types\/post"}],"author":[{"embeddable":true,"href":"https:\/\/www.actualidadadiario.com\/index.php\/wp-json\/wp\/v2\/users\/3"}],"replies":[{"embeddable":true,"href":"https:\/\/www.actualidadadiario.com\/index.php\/wp-json\/wp\/v2\/comments?post=65187"}],"version-history":[{"count":1,"href":"https:\/\/www.actualidadadiario.com\/index.php\/wp-json\/wp\/v2\/posts\/65187\/revisions"}],"predecessor-version":[{"id":65189,"href":"https:\/\/www.actualidadadiario.com\/index.php\/wp-json\/wp\/v2\/posts\/65187\/revisions\/65189"}],"wp:featuredmedia":[{"embeddable":true,"href":"https:\/\/www.actualidadadiario.com\/index.php\/wp-json\/wp\/v2\/media\/65188"}],"wp:attachment":[{"href":"https:\/\/www.actualidadadiario.com\/index.php\/wp-json\/wp\/v2\/media?parent=65187"}],"wp:term":[{"taxonomy":"category","embeddable":true,"href":"https:\/\/www.actualidadadiario.com\/index.php\/wp-json\/wp\/v2\/categories?post=65187"},{"taxonomy":"post_tag","embeddable":true,"href":"https:\/\/www.actualidadadiario.com\/index.php\/wp-json\/wp\/v2\/tags?post=65187"}],"curies":[{"name":"wp","href":"https:\/\/api.w.org\/{rel}","templated":true}]}}