{"id":65184,"date":"2020-08-05T13:13:44","date_gmt":"2020-08-05T16:13:44","guid":{"rendered":"https:\/\/www.actualidadadiario.com\/?p=65184"},"modified":"2020-08-05T13:13:44","modified_gmt":"2020-08-05T16:13:44","slug":"ordenan-la-prision-domiciliaria-del-expresidente-colombiano-alvaro-uribe","status":"publish","type":"post","link":"https:\/\/www.actualidadadiario.com\/index.php\/2020\/08\/05\/ordenan-la-prision-domiciliaria-del-expresidente-colombiano-alvaro-uribe\/","title":{"rendered":"Ordenan la prisi\u00f3n domiciliaria del expresidente colombiano Alvaro Uribe"},"content":{"rendered":"<p style=\"text-align: center;\"><em><strong>El referente de la derecha latinoamericana est\u00e1 sospechado de intentar manipular la declaraci\u00f3n de un acusado que lo vincul\u00f3 con la creaci\u00f3n de grupos paramilitares<\/strong><\/em><\/p>\n<p>&nbsp;<\/p>\n<p>La Corte Suprema de Justicia de Colombia dict\u00f3 la prisi\u00f3n domiciliaria preventiva del senador y expresidente \u00c1lvaro Uribe por los delitos de fraude procesal y soborno. El referente de la derecha latinoamericana se convirti\u00f3 en el primer exmandatario en recibir una orden de detenci\u00f3n preventiva, sospechado de intentar manipular la declaraci\u00f3n de un acusado que lo vincul\u00f3 con la creaci\u00f3n de grupos paramilitares. &#8220;La privaci\u00f3n de mi libertad me causa profunda tristeza por mi se\u00f1ora, por mi familia y por los colombianos que todav\u00eda creen que algo bueno he hecho por la Patria&#8221;, se lament\u00f3 Uribe, padrino pol\u00edtico del actual presidente Iv\u00e1n Duque, quien sali\u00f3 a defenderlo p\u00fablicamente al calificarlo como un hombre &#8220;honorable&#8221;.<\/p>\n<p>El m\u00e1ximo tribunal colombiano consider\u00f3 necesario que Uribe permanezca detenido en su domicilio hasta que llegue el momento de sentarse en el banquillo de los acusados por una investigaci\u00f3n iniciada en 2018. Como parlamentario, no tiene fueros pero s\u00ed el privilegio de s\u00f3lo poder ser investigado por el m\u00e1ximo tribunal.<\/p>\n<p>Uribe, de 68 a\u00f1os, siempre aleg\u00f3 su inocencia aunque ahora deber\u00e1 responder ante la justicia por soborno y fraude procesal, delitos que son castigados con un promedio de ocho a\u00f1os de c\u00e1rcel.<\/p>\n<p>En 2012, el expresidente colombiano present\u00f3 una denuncia contra el senador de izquierda Iv\u00e1n Cepeda por un supuesto complot en su contra apoyado en testimonios falsos. El expresidente sosten\u00eda que Cepeda hab\u00eda contactado a exparamilitares presos para que lo involucraran en actividades criminales de los grupos de ultraderecha que combatieron a sangre y fuego a las guerrillas izquierdistas.<\/p>\n<p>Pero el tiro le sali\u00f3 por la culata. La Corte se abstuvo de enjuiciar a Cepeda y en cambio decidi\u00f3 abrir en 2018 una investigaci\u00f3n contra el exmandatario bajo la misma sospecha.<\/p>\n<p>Desde ese momento, Uribe es acusado por un supuesto intento de manipulaci\u00f3n del procesado Juan Guillermo Monsalve, un exparamilitar que lo vincul\u00f3 con la creaci\u00f3n del bloque paramilitar Metro de las Autodefensas, que oper\u00f3 en el departamento de Antioquia, del que Uribe fue gobernador entre 1995 y 1997.<\/p>\n<p>La relaci\u00f3n entre Uribe y los grupos paramilitares ha sido denunciada p\u00fablicamente a lo largo de los \u00faltimos a\u00f1os, pero el presidente colombiano Iv\u00e1n Duque volvi\u00f3 a defenderlo en di\u00e1logo con Radio Caracol, tras conocerse la noticia.<\/p>\n<p>&#8220;Yo creo que es una persona que en todo su comportamiento est\u00e1 la palabra honorabilidad, y uno sabe que en la pol\u00edtica hay personajes que generan amores, desamores, cr\u00edticas&#8230; Pero yo creo que siendo objetivos, todos reconocemos lo que era Colombia en el a\u00f1o 2002 y la Colombia que nosotros vimos en el a\u00f1o 2010&#8221;, consider\u00f3 Duque sobre los a\u00f1os en los que Uribe fue presidente.<\/p>\n<p>Desde la otra vereda, el excandidato a presidente y actual senador por el espacio de izquierda Colombia Humana, Gustavo Petro, fue cauto al recibir la noticia. &#8220;\u00bfQue si me siento contento? No Nunca me ha producido satisfacci\u00f3n que una persona pierda su libertad. No ser\u00eda un dem\u00f3crata si me sucediera lo contrario. A Uribe hay que derrotarlo en las urnas o nunca la sociedad colombiana saldar\u00e1 su deuda: La del fascismo que la carcome&#8221;, escribi\u00f3 en su cuenta de Twitter.<\/p>\n<p>Por su parte, el partido Fuerza Alternativa Revolucionaria del Com\u00fan (FARC), integrado por miembros de la antigua guerrilla que firm\u00f3 la paz con el gobierno de Juan Manuel Santos en 2016 y fue boicoteado desde entonces por la derecha liderada por Uribe, celebr\u00f3 el fallo. &#8220;Los tiranos quieren convencernos que son intocables, que pueden hacer lo que quieran contra la gente y que nada les pasar\u00e1 nunca. Pero la verdad es que por m\u00e1s intocables que se crean al final los pueblos triunfan sobre ellos&#8221;, tuite\u00f3 el partido de los exguerrilleros.<\/p>\n","protected":false},"excerpt":{"rendered":"<p>El referente de la derecha latinoamericana est\u00e1 sospechado de intentar manipular la declaraci\u00f3n de un acusado que lo vincul\u00f3 con la creaci\u00f3n de grupos paramilitares &nbsp; La Corte Suprema de Justicia de Colombia dict\u00f3 la prisi\u00f3n domiciliaria preventiva del senador y expresidente \u00c1lvaro Uribe por los delitos de fraude procesal y soborno. El referente de la derecha latinoamericana se convirti\u00f3 en el primer exmandatario en recibir una orden de detenci\u00f3n preventiva, sospechado de intentar manipular la declaraci\u00f3n de un acusado que lo vincul\u00f3 con la creaci\u00f3n de grupos paramilitares. &#8220;La&#8230;<\/p>\n","protected":false},"author":3,"featured_media":65185,"comment_status":"closed","ping_status":"closed","sticky":false,"template":"","format":"standard","meta":[],"categories":[4],"tags":[],"_links":{"self":[{"href":"https:\/\/www.actualidadadiario.com\/index.php\/wp-json\/wp\/v2\/posts\/65184"}],"collection":[{"href":"https:\/\/www.actualidadadiario.com\/index.php\/wp-json\/wp\/v2\/posts"}],"about":[{"href":"https:\/\/www.actualidadadiario.com\/index.php\/wp-json\/wp\/v2\/types\/post"}],"author":[{"embeddable":true,"href":"https:\/\/www.actualidadadiario.com\/index.php\/wp-json\/wp\/v2\/users\/3"}],"replies":[{"embeddable":true,"href":"https:\/\/www.actualidadadiario.com\/index.php\/wp-json\/wp\/v2\/comments?post=65184"}],"version-history":[{"count":1,"href":"https:\/\/www.actualidadadiario.com\/index.php\/wp-json\/wp\/v2\/posts\/65184\/revisions"}],"predecessor-version":[{"id":65186,"href":"https:\/\/www.actualidadadiario.com\/index.php\/wp-json\/wp\/v2\/posts\/65184\/revisions\/65186"}],"wp:featuredmedia":[{"embeddable":true,"href":"https:\/\/www.actualidadadiario.com\/index.php\/wp-json\/wp\/v2\/media\/65185"}],"wp:attachment":[{"href":"https:\/\/www.actualidadadiario.com\/index.php\/wp-json\/wp\/v2\/media?parent=65184"}],"wp:term":[{"taxonomy":"category","embeddable":true,"href":"https:\/\/www.actualidadadiario.com\/index.php\/wp-json\/wp\/v2\/categories?post=65184"},{"taxonomy":"post_tag","embeddable":true,"href":"https:\/\/www.actualidadadiario.com\/index.php\/wp-json\/wp\/v2\/tags?post=65184"}],"curies":[{"name":"wp","href":"https:\/\/api.w.org\/{rel}","templated":true}]}}