{"id":65175,"date":"2020-08-05T13:11:07","date_gmt":"2020-08-05T16:11:07","guid":{"rendered":"https:\/\/www.actualidadadiario.com\/?p=65175"},"modified":"2020-08-05T13:11:07","modified_gmt":"2020-08-05T16:11:07","slug":"los-planteles-de-futbol-vuelven-a-entrenarse-a-partir-del-lunes-10","status":"publish","type":"post","link":"https:\/\/www.actualidadadiario.com\/index.php\/2020\/08\/05\/los-planteles-de-futbol-vuelven-a-entrenarse-a-partir-del-lunes-10\/","title":{"rendered":"Los planteles de f\u00fatbol vuelven a entrenarse a partir del lunes 10"},"content":{"rendered":"<p style=\"text-align: center;\"><em><strong>Lo hizo oficial el presidente de AFA, Claudio Tapia, tras una reuni\u00f3n en Casa Rosada. Ser\u00e1 en grupos reducidos, bajo un estricto protocolo y con un testeo las 72 horas previas. \u00bfEl regreso del torneo? &#8220;No es una locura pensar en fines de septiembre&#8221;, dijo Tapia<\/strong><\/em><\/p>\n<p>&nbsp;<\/p>\n<p>&nbsp;<\/p>\n<p>La vuelta a los entrenamientos en el f\u00fatbol se producir\u00e1 el pr\u00f3ximo lunes 10 de agosto para la primera divisi\u00f3n masculina y el f\u00fatbol femenino, mientras el 2 de septiembre lo har\u00e1 la Primera Nacional y el 7 de ese mes el resto de las categor\u00edas de ascenso, seg\u00fan asegur\u00f3 el presidente de AFA, Claudio Tapia, al salir de la reuni\u00f3n en la Casa Rosada. \u201cEstamos contentos. Ahora hay mucho trabajo por delante. Nos encontramos con una muy buena predisposici\u00f3n de parte del Gobierno Nacional, hab\u00edamos venido con la idea de comenzar con los equipos de la Libertadores primero y los dem\u00e1s acompa\u00f1aban esta decisi\u00f3n. Pero nos encontramos con esta gran noticia de que, a partir del lunes y una vez realizados los testeos, puedan entrenar todos\u201d, dijo Tapia, acompa\u00f1ado del presidente de Racing, V\u00edctor Blanco, sobre la reuni\u00f3n de la que tambi\u00e9n participaron el ministro de Salud, Gin\u00e9s Gonz\u00e1lez Garc\u00eda, el de Turismo y Deporte, Mat\u00edas Lammens, la futbolista y Directora Nacional de Juventud, Macarena S\u00e1nchez, y el Jefe de Gabinete, Santiago Cafiero.<\/p>\n<p>Tras 146 d\u00edas de entrenamientos individuales y en sus hogares, los futbolistas volver\u00e1n a acudir a sus clubes para practicar en grupos reducidos bajo las medidas que rige el protocolo que dise\u00f1\u00f3 AFA y al que se le hicieron algunos retoques. Los testeos deber\u00e1n realizarse las \u00faltimas 72 horas previas al retorno a las pr\u00e1cticas. El regreso del torneo argentino a\u00fan es una inc\u00f3gnita, aunque Tapia se mostr\u00f3 optimista: &#8220;No es una locura pensar en fines de septiembre&#8221;. La fecha inmediata para que la pelota vuelva a rodar para los cinco equipos argentinos (Boca, River, Racing, Defensa y Justicia y Tigre, que est\u00e1 en la Primera Nacional pero igual tendr\u00e1 permiso desde el 10) ser\u00e1 el jueves 17 de septiembre, en la fecha que ya confirm\u00f3 Conmebol para la Libertadores.<\/p>\n<p>Este jueves habr\u00e1 una nueva reuni\u00f3n en Asunci\u00f3n, en la que los equipos argentinos pedir\u00e1n postergar esa fecha. Pese a la escalada de contagios en toda Am\u00e9rica Latina, la entidad sudamericana sigue firme en mantener el calendario, al punto que el lunes anunci\u00f3 que se har\u00e1 cargo de los viajes ch\u00e1rter de los planteles. Con apenas cinco semanas de entrenamientos, a diferencia de lo que ocurre en otros pa\u00edses, donde todos los planteles ya est\u00e1n entren\u00e1ndose y en algunos casos ya hay competencia oficial, los equipos argentinos, que aportaron finalistas en cuatro de las \u00faltimas cinco Libertadores, esta vez correr\u00e1n en desventaja.<\/p>\n","protected":false},"excerpt":{"rendered":"<p>Lo hizo oficial el presidente de AFA, Claudio Tapia, tras una reuni\u00f3n en Casa Rosada. Ser\u00e1 en grupos reducidos, bajo un estricto protocolo y con un testeo las 72 horas previas. \u00bfEl regreso del torneo? &#8220;No es una locura pensar en fines de septiembre&#8221;, dijo Tapia &nbsp; &nbsp; La vuelta a los entrenamientos en el f\u00fatbol se producir\u00e1 el pr\u00f3ximo lunes 10 de agosto para la primera divisi\u00f3n masculina y el f\u00fatbol femenino, mientras el 2 de septiembre lo har\u00e1 la Primera Nacional y el 7 de ese mes el&#8230;<\/p>\n","protected":false},"author":3,"featured_media":65176,"comment_status":"closed","ping_status":"closed","sticky":false,"template":"","format":"standard","meta":[],"categories":[4],"tags":[],"_links":{"self":[{"href":"https:\/\/www.actualidadadiario.com\/index.php\/wp-json\/wp\/v2\/posts\/65175"}],"collection":[{"href":"https:\/\/www.actualidadadiario.com\/index.php\/wp-json\/wp\/v2\/posts"}],"about":[{"href":"https:\/\/www.actualidadadiario.com\/index.php\/wp-json\/wp\/v2\/types\/post"}],"author":[{"embeddable":true,"href":"https:\/\/www.actualidadadiario.com\/index.php\/wp-json\/wp\/v2\/users\/3"}],"replies":[{"embeddable":true,"href":"https:\/\/www.actualidadadiario.com\/index.php\/wp-json\/wp\/v2\/comments?post=65175"}],"version-history":[{"count":1,"href":"https:\/\/www.actualidadadiario.com\/index.php\/wp-json\/wp\/v2\/posts\/65175\/revisions"}],"predecessor-version":[{"id":65177,"href":"https:\/\/www.actualidadadiario.com\/index.php\/wp-json\/wp\/v2\/posts\/65175\/revisions\/65177"}],"wp:featuredmedia":[{"embeddable":true,"href":"https:\/\/www.actualidadadiario.com\/index.php\/wp-json\/wp\/v2\/media\/65176"}],"wp:attachment":[{"href":"https:\/\/www.actualidadadiario.com\/index.php\/wp-json\/wp\/v2\/media?parent=65175"}],"wp:term":[{"taxonomy":"category","embeddable":true,"href":"https:\/\/www.actualidadadiario.com\/index.php\/wp-json\/wp\/v2\/categories?post=65175"},{"taxonomy":"post_tag","embeddable":true,"href":"https:\/\/www.actualidadadiario.com\/index.php\/wp-json\/wp\/v2\/tags?post=65175"}],"curies":[{"name":"wp","href":"https:\/\/api.w.org\/{rel}","templated":true}]}}