{"id":65172,"date":"2020-08-05T13:10:07","date_gmt":"2020-08-05T16:10:07","guid":{"rendered":"https:\/\/www.actualidadadiario.com\/?p=65172"},"modified":"2020-08-05T13:10:07","modified_gmt":"2020-08-05T16:10:07","slug":"pedro-sanchez-cierra-filas-con-la-monarquia","status":"publish","type":"post","link":"https:\/\/www.actualidadadiario.com\/index.php\/2020\/08\/05\/pedro-sanchez-cierra-filas-con-la-monarquia\/","title":{"rendered":"Pedro S\u00e1nchez cierra filas con la monarqu\u00eda"},"content":{"rendered":"<p style=\"text-align: center;\"><em><strong>La huida de rey em\u00e9rito con el aval del gobierno pone a prueba la solidez del pacto entre el PSOE y Unidas Podemos<\/strong><\/em><\/p>\n<p>&nbsp;<\/p>\n<p>Pedro S\u00e1nchez compareci\u00f3 este martes para hacer un balance del curso pol\u00edtico -que en Espa\u00f1a discurre entre septiembre y julio- pero no pudo evitar un bombardeo de preguntas que giraron sobre el mismo asunto. \u00bfQu\u00e9 participaci\u00f3n tuvo el gobierno en la huida al exterior de Juan Carlos I? \u00bfEn qu\u00e9 pa\u00eds se encuentra el rey em\u00e9rito? \u00bfQui\u00e9n financia los gastos de seguridad, la manutenci\u00f3n y el alojamiento? \u00bfInform\u00f3 a sus socios de gobierno?<\/p>\n<p>Los periodistas acreditados en el Palacio de la Moncloa insistieron una y otra vez, pero no hubo la m\u00e1s m\u00ednima concesi\u00f3n al principio democr\u00e1tico de la transparencia. Pedro S\u00e1nchez se refugi\u00f3 en su obligaci\u00f3n de ser discreto sobre lo que habla y acuerda con el rey y no respondi\u00f3 a ninguno de esos interrogantes. Lo \u00fanico que se pudo inferir de sus respuestas es que el gobierno que preside, o al menos una parte del mismo, conoc\u00eda la decisi\u00f3n de sacar a Juan Carlos de Borb\u00f3n de Espa\u00f1a y tuvo alg\u00fan grado de participaci\u00f3n en la operaci\u00f3n.<\/p>\n<p>S\u00e1nchez estrech\u00f3 filas con la monarqu\u00eda y se cerr\u00f3 en banda a cualquier opci\u00f3n de abrir una ventana a que los espa\u00f1oles, tras el en\u00e9simo esc\u00e1ndalo que horada el prestigio de la familia Borb\u00f3n, puedan votar sobre si prefieren el actual modelo o se inclinan por un sistema republicano. El presidente mostr\u00f3 su lealtad a la Constituci\u00f3n de 1978 y a una de sus columnas fundamentales, la monarqu\u00eda parlamentaria. \u201cEl Gobierno considera plenamente vigente el pacto constitucional\u201d, zanj\u00f3<\/p>\n<p>Lo hizo con una alegor\u00eda singular. Asegur\u00f3 que as\u00ed como cuando hubo casos de corrupci\u00f3n en partidos pol\u00edticos no se cuestion\u00f3 el sistema de partidos, ahora que las sospechas caen sobre un miembro de la Casa Real no hay por qu\u00e9 cuestionar a la instituci\u00f3n mon\u00e1rquica. \u201cEspa\u00f1a -dijo- necesita de estabilidad y de instituciones robustas. La l\u00ednea marcada por la Casa Real es la adecuada\u201d.<\/p>\n<p>\u00bfY cu\u00e1l es esa l\u00ednea? Seg\u00fan S\u00e1nchez, la de fijar distancias \u201ccon supuestas pr\u00e1cticas irregulares\u201d de uno de sus miembros. Claro que no se trata de un miembro cualquiera, sino del monarca que rein\u00f3 durante casi 40 a\u00f1os.<\/p>\n<p>En su opini\u00f3n, la respuesta dada ante esta crisis ha sido la que corresponde a una democracia vigorosa.<\/p>\n<p>La negativa de S\u00e1nchez a comentar las declaraciones fuertemente cr\u00edticas con la Corona y con Juan Carlos de Borb\u00f3n realizadas por su vicepresidente y l\u00edder de Unidas Podemos, Pablo Iglesias, dejaron claro que el episodio va a suponer una prueba para la solidez de la coalici\u00f3n de gobierno. Las discrepancias sobre este asunto entre el partido de Iglesias y los socialistas, que son profundas, llegan justo en el momento en el que el PSOE ha comenzado a mirar a su derecha, concretamente a los diputados de la formaci\u00f3n liberal Ciudadanos, para buscar apoyo a los presupuestos, un movimiento que ha irritado a Podemos.<\/p>\n<p>Una de las cuestiones que se desconocen es cu\u00e1nto sab\u00eda Pablo Iglesias de la operaci\u00f3n salida de Juan Carlos I y si el vicepresidente tiene tan poca informaci\u00f3n como el resto de los espa\u00f1oles sobre c\u00f3mo se gest\u00f3 el viaje y en d\u00f3nde se encuentra el antiguo monarca.<\/p>\n<p>La falta de una versi\u00f3n oficial ha disparado las especulaciones. Se comenta que Juan Carlos viaj\u00f3 por tierra hasta Oporto y que vol\u00f3 a la Rep\u00fablica Dominicana desde la ciudad portuguesa. Aunque algunas versiones sostienen que seguir\u00eda en Portugal, donde su padre, Juan de Borb\u00f3n, y \u00e9l mismo residieron durante gran parte de la dictadura franquista, la mayor\u00eda de los medios lo sit\u00faan ya en el pa\u00eds caribe\u00f1o hospedado en un complejo propiedad de la familia Fanjul.<\/p>\n<p>Los Fanjul son unos magnates de origen cubano, emparentados lejanamente con Juan Carlos de Borb\u00f3n, huidos a Miami tras el triunfo de la revoluci\u00f3n en 1959 y propietarios de la mayor parte de explotaciones azucareras de la regi\u00f3n, tanto en Florida como en la Rep\u00fablica Dominicana y Hait\u00ed. Por sus intereses en el sector azucarero se los considera uno de los principales beneficiarios del embargo econ\u00f3mico que pesa sobre su pa\u00eds de origen. El libro Esclavos en el para\u00edso (Ed. Libros LIbres, 2012), de Jes\u00fas Garc\u00eda, describe las penosas condiciones en las que sobreviven los ca\u00f1eros en las explotaciones de la familia. En uno de sus complejos tur\u00edsticos de lujo estar\u00eda hospedado el ex monarca espa\u00f1ol. No se sabe por cu\u00e1nto tiempo.<\/p>\n","protected":false},"excerpt":{"rendered":"<p>La huida de rey em\u00e9rito con el aval del gobierno pone a prueba la solidez del pacto entre el PSOE y Unidas Podemos &nbsp; Pedro S\u00e1nchez compareci\u00f3 este martes para hacer un balance del curso pol\u00edtico -que en Espa\u00f1a discurre entre septiembre y julio- pero no pudo evitar un bombardeo de preguntas que giraron sobre el mismo asunto. \u00bfQu\u00e9 participaci\u00f3n tuvo el gobierno en la huida al exterior de Juan Carlos I? \u00bfEn qu\u00e9 pa\u00eds se encuentra el rey em\u00e9rito? \u00bfQui\u00e9n financia los gastos de seguridad, la manutenci\u00f3n y el&#8230;<\/p>\n","protected":false},"author":3,"featured_media":65173,"comment_status":"closed","ping_status":"closed","sticky":false,"template":"","format":"standard","meta":[],"categories":[4],"tags":[],"_links":{"self":[{"href":"https:\/\/www.actualidadadiario.com\/index.php\/wp-json\/wp\/v2\/posts\/65172"}],"collection":[{"href":"https:\/\/www.actualidadadiario.com\/index.php\/wp-json\/wp\/v2\/posts"}],"about":[{"href":"https:\/\/www.actualidadadiario.com\/index.php\/wp-json\/wp\/v2\/types\/post"}],"author":[{"embeddable":true,"href":"https:\/\/www.actualidadadiario.com\/index.php\/wp-json\/wp\/v2\/users\/3"}],"replies":[{"embeddable":true,"href":"https:\/\/www.actualidadadiario.com\/index.php\/wp-json\/wp\/v2\/comments?post=65172"}],"version-history":[{"count":1,"href":"https:\/\/www.actualidadadiario.com\/index.php\/wp-json\/wp\/v2\/posts\/65172\/revisions"}],"predecessor-version":[{"id":65174,"href":"https:\/\/www.actualidadadiario.com\/index.php\/wp-json\/wp\/v2\/posts\/65172\/revisions\/65174"}],"wp:featuredmedia":[{"embeddable":true,"href":"https:\/\/www.actualidadadiario.com\/index.php\/wp-json\/wp\/v2\/media\/65173"}],"wp:attachment":[{"href":"https:\/\/www.actualidadadiario.com\/index.php\/wp-json\/wp\/v2\/media?parent=65172"}],"wp:term":[{"taxonomy":"category","embeddable":true,"href":"https:\/\/www.actualidadadiario.com\/index.php\/wp-json\/wp\/v2\/categories?post=65172"},{"taxonomy":"post_tag","embeddable":true,"href":"https:\/\/www.actualidadadiario.com\/index.php\/wp-json\/wp\/v2\/tags?post=65172"}],"curies":[{"name":"wp","href":"https:\/\/api.w.org\/{rel}","templated":true}]}}