{"id":65166,"date":"2020-08-05T13:07:47","date_gmt":"2020-08-05T16:07:47","guid":{"rendered":"https:\/\/www.actualidadadiario.com\/?p=65166"},"modified":"2020-08-05T13:07:47","modified_gmt":"2020-08-05T16:07:47","slug":"marcela-losardo-defendio-la-reforma-judicial-en-el-senado","status":"publish","type":"post","link":"https:\/\/www.actualidadadiario.com\/index.php\/2020\/08\/05\/marcela-losardo-defendio-la-reforma-judicial-en-el-senado\/","title":{"rendered":"Marcela Losardo defendi\u00f3 la reforma judicial en el Senado"},"content":{"rendered":"<p style=\"text-align: center;\"><em><strong>La ministra de Justicia de la Naci\u00f3n, Marcela Losardo, defendi\u00f3 este martes el proyecto de reforma judicial en el Senado de la Naci\u00f3n, donde minimiz\u00f3 las cr\u00edticas sobre el eventual costo de la medida impulsada en el Congreso por el Gobierno de la naci\u00f3n. Sobre la reforma propuesta por el presidente Alberto Fern\u00e1ndez, sostuvo que \u00abhay que pensar cu\u00e1l es el costo de una Justicia ineficiente que no resuelve un tema\u00ab<\/strong><\/em><\/p>\n<p>&nbsp;<\/p>\n<p>&nbsp;<\/p>\n<p>&nbsp;<\/p>\n<p>Losardo llev\u00f3 adelante una exposici\u00f3n y contest\u00f3 las preguntas de los senadores en la primera audiencia realizada en las comisiones de Asuntos Constitucionales y de Justicia que analizan el proyecto enviado recientemente por el Poder Ejecutivo. El fin es \u00abun servicio de Justicia eficiente, eficaz y que la respuesta a los conflictos de los ciudadanos llegue en un plazo razonable\u00ab. Por su parte, senadores de Juntos por el Cambio criticaron el proyecto por la \u00aboportunidad\u00bb en la que fue presentado y realizaron preguntas sobre los \u00abcostos\u00bb de la creaci\u00f3n de nuevos cargos para llevar a cabo la reforma, la funcionaria dijo no tener el n\u00famero exacto pero que lo enviar\u00e1 al Senado.<\/p>\n<p>Asegur\u00f3 que ser\u00e1 un porcentaje inferior al 1 por ciento del presupuesto y que \u00abno ser\u00e1n 4 mil millones de pesos como se ha dicho en estos d\u00edas\u00bb. \u00abCuando se habla del costo, lo tenemos en cuenta, pero para nosotros la Justicia no es un gasto, estamos invirtiendo\u00ab, defini\u00f3. \u00abCuando tenemos expedientes que tardan 15 a\u00f1os como la investigaci\u00f3n de la AMIA, del atentado a la Embajada de Israel, tenemos que pensar cu\u00e1l es el costo que tenemos en esa justicia ineficiente, donde no se resuelve un tema. Eso tambi\u00e9n es costo\u00ab, agreg\u00f3 la ministra.<\/p>\n<p>Losardo remarc\u00f3 que el proyecto \u00abpromueve la unificaci\u00f3n de los fueros Criminal y Correccional Federal con el Penal Econ\u00f3mico, que pasar\u00e1 de ah\u00ed en m\u00e1s a denominarse fuero Penal Federal de la ciudad de Buenos Aires\u00bb. La funcionaria nacional precis\u00f3 que la \u00abnueva estructura queda con 23 jueces penales federales al unir a los 12 jueces federales de hoy con los 11 jueces penales econ\u00f3micos\u00bb y puso de relieve que \u00ablas causas en tr\u00e1mite contin\u00faan con el mismo juez\u00ab, as\u00ed como las que est\u00e1n en tribunales orales.<\/p>\n<p>\u00abEn la Justicia Penal Federal, cuando fusionamos los 23 juzgados primeros no significa un costo, porque estamos fusionando\u00bb, explic\u00f3 la funcionaria y se\u00f1al\u00f3 que en una siguiente etapa, cuando se cree un cargo ah\u00ed s\u00ed habr\u00e1 un costo. Finalmente se tom\u00f3 el tiempo de contestar las preguntas de los senadores opositores Esteban Bullrich, Silvia El\u00edas de P\u00e9rez, Laura Rodr\u00edguez Machado, Luis Naidenoff, entre otros.<\/p>\n","protected":false},"excerpt":{"rendered":"<p>La ministra de Justicia de la Naci\u00f3n, Marcela Losardo, defendi\u00f3 este martes el proyecto de reforma judicial en el Senado de la Naci\u00f3n, donde minimiz\u00f3 las cr\u00edticas sobre el eventual costo de la medida impulsada en el Congreso por el Gobierno de la naci\u00f3n. Sobre la reforma propuesta por el presidente Alberto Fern\u00e1ndez, sostuvo que \u00abhay que pensar cu\u00e1l es el costo de una Justicia ineficiente que no resuelve un tema\u00ab &nbsp; &nbsp; &nbsp; Losardo llev\u00f3 adelante una exposici\u00f3n y contest\u00f3 las preguntas de los senadores en la primera audiencia&#8230;<\/p>\n","protected":false},"author":3,"featured_media":65167,"comment_status":"closed","ping_status":"closed","sticky":false,"template":"","format":"standard","meta":[],"categories":[18],"tags":[],"_links":{"self":[{"href":"https:\/\/www.actualidadadiario.com\/index.php\/wp-json\/wp\/v2\/posts\/65166"}],"collection":[{"href":"https:\/\/www.actualidadadiario.com\/index.php\/wp-json\/wp\/v2\/posts"}],"about":[{"href":"https:\/\/www.actualidadadiario.com\/index.php\/wp-json\/wp\/v2\/types\/post"}],"author":[{"embeddable":true,"href":"https:\/\/www.actualidadadiario.com\/index.php\/wp-json\/wp\/v2\/users\/3"}],"replies":[{"embeddable":true,"href":"https:\/\/www.actualidadadiario.com\/index.php\/wp-json\/wp\/v2\/comments?post=65166"}],"version-history":[{"count":1,"href":"https:\/\/www.actualidadadiario.com\/index.php\/wp-json\/wp\/v2\/posts\/65166\/revisions"}],"predecessor-version":[{"id":65168,"href":"https:\/\/www.actualidadadiario.com\/index.php\/wp-json\/wp\/v2\/posts\/65166\/revisions\/65168"}],"wp:featuredmedia":[{"embeddable":true,"href":"https:\/\/www.actualidadadiario.com\/index.php\/wp-json\/wp\/v2\/media\/65167"}],"wp:attachment":[{"href":"https:\/\/www.actualidadadiario.com\/index.php\/wp-json\/wp\/v2\/media?parent=65166"}],"wp:term":[{"taxonomy":"category","embeddable":true,"href":"https:\/\/www.actualidadadiario.com\/index.php\/wp-json\/wp\/v2\/categories?post=65166"},{"taxonomy":"post_tag","embeddable":true,"href":"https:\/\/www.actualidadadiario.com\/index.php\/wp-json\/wp\/v2\/tags?post=65166"}],"curies":[{"name":"wp","href":"https:\/\/api.w.org\/{rel}","templated":true}]}}