{"id":65163,"date":"2020-08-05T13:06:52","date_gmt":"2020-08-05T16:06:52","guid":{"rendered":"https:\/\/www.actualidadadiario.com\/?p=65163"},"modified":"2020-08-05T13:06:52","modified_gmt":"2020-08-05T16:06:52","slug":"diputados-dio-media-sancion-a-la-ampliacion-del-presupuesto","status":"publish","type":"post","link":"https:\/\/www.actualidadadiario.com\/index.php\/2020\/08\/05\/diputados-dio-media-sancion-a-la-ampliacion-del-presupuesto\/","title":{"rendered":"Diputados dio media sanci\u00f3n a la ampliaci\u00f3n del presupuesto"},"content":{"rendered":"<p style=\"text-align: center;\"><em><strong>La C\u00e1mara de Diputados aprob\u00f3, en sesi\u00f3n especial, la ampliaci\u00f3n del presupuesto por casi $1,9 billones<\/strong><\/em><\/p>\n<p>&nbsp;<\/p>\n<p>&nbsp;<\/p>\n<p>La C\u00e1mara de Diputados dio media sanci\u00f3n en general, con 228 votos a favor, 9 negativos y 16 abstenciones, al proyecto de ampliaci\u00f3n del Presupuesto 2020, que ahora gir\u00f3 al Senado.<\/p>\n<p>En tanto, en la votaci\u00f3n en particular, un sector de la oposici\u00f3n vot\u00f3 por la negativa los art\u00edculos 7 y 8 -que plantean la posibilidad de que los tenedores puedan dolarizar la deuda en pesos- y el 11, que tras la votaci\u00f3n nominal fueron aprobados por el oficialismo.<\/p>\n<p>El proyecto de ampliaci\u00f3n del presupuesto autoriza al Gobierno a ampliar las erogaciones por un monto cercano a $1,9 billones, con lo que la proyecci\u00f3n total de gastos para 2020 superar\u00eda los $7,3 billones, con un incremento del 33%.<\/p>\n<p>Al tomar la palabra como miembro informante por el oficialismo, el titular de la Comisi\u00f3n de Presupuesto, Carlos Heller, destac\u00f3 que asegur\u00f3 que el Gobierno usar\u00e1 &#8220;el 80 por ciento de la ampliaci\u00f3n presupuestaria&#8221; para el pago de planes sociales y programas laborales puestos en marcha para paliar las consecuencias de la pandemia de coronavirus.<\/p>\n<p>El legislador anticip\u00f3, adem\u00e1s, que se crear\u00e1 un fondo de compensaci\u00f3n que ser\u00e1 destinado a dar continuidad a la prestaci\u00f3n del servicio de transporte del interior del pa\u00eds.<\/p>\n<p>Durante su discurso, Heller agreg\u00f3 que &#8220;la situaci\u00f3n generada por la pandemia sanitaria produjo un agravamiento de la situaci\u00f3n econ\u00f3mica, donde se conjugan el peor de los escenarios, que son un aumento de gastos y ca\u00edda de los ingresos&#8221;.<\/p>\n<p>Heller tambi\u00e9n defendi\u00f3 el art\u00edculo 7 del proyecto al afirmar que &#8220;es inaceptable lo que nos dicen que esto es una dolarizaci\u00f3n&#8221; y asegur\u00f3 que el objetivo de esa medida es &#8220;hacer licitaciones programadas para que titulares de bonos en pesos puedan suscribir instrumentos en moneda extranjera&#8221;.<\/p>\n<p>El legislador oficialista tambi\u00e9n anunci\u00f3 la implementaci\u00f3n de una partida de $300 millones para el Hospital Posadas y dijo que se facultar\u00e1 al jefe de Gabinete a realizar asignaciones para &#8220;atender el programa intercosecha&#8221;, entre otras cuestiones.<\/p>\n<p>A su turno, el diputado del PRO, Luciano Laspina, destac\u00f3 que la ampliaci\u00f3n presupuestaria &#8220;se debata legislativamente y no se haya aplicado a trav\u00e9s de DNU&#8221; y ponder\u00f3 que el Poder Ejecutivo haya aceptado algunos de los cambios propuestos por su espacio.<\/p>\n<p>Laspina agreg\u00f3 que &#8220;en la coyuntura actual, dominada por la pandemia&#8221;, su espacio pol\u00edtico no estar\u00e1 dispuesto &#8220;a evitar que el Gobierno cuente con las herramientas para enfrentar la emergencia, para que los argentinos no pasen hambre y para que las empresas no quiebren&#8221;.<\/p>\n<p>&#8220;Por eso, vamos a acompa\u00f1ar la votaci\u00f3n en general del proyecto\u201d, anticip\u00f3 y critic\u00f3 que &#8220;el Poder Ejecutivo no ha enviado una sola medida de austeridad fiscal, como por ejemplo alguna rebaja de sueldos de funcionarios, alguna se\u00f1al en ese sentido, que es algo que queda en deuda&#8221;.<\/p>\n<p>&#8220;Quiero destacar que se aceptaron varios cambios propuestos por la oposici\u00f3n, como por el ejemplo el de la partida para el transporte p\u00fablico en el interior del pa\u00eds, que est\u00e1 en crisis y que lleva varios d\u00edas de paro&#8221;, a\u00f1adi\u00f3.<\/p>\n<p>Por su parte, el diputado radical Luis Pastori puso de relieve el tema de las asignaciones a las universidades nacionales, ya que &#8220;se asigna un monto global sin distribuci\u00f3n por universidad, generando una gran incertidumbre; y deber\u00eda asignarse esas transferencias a cada una de las universidades nacionales seg\u00fan la proporci\u00f3n establecida por ley para el sistema universitario&#8221;.<\/p>\n<p>La principal bancada opositora insisti\u00f3 en otros discursos de sus exponentes sus cr\u00edticas al art\u00edculo 7 de la norma, ya que consideraron que &#8220;la eliminaci\u00f3n de la autorizaci\u00f3n para licitar t\u00edtulos p\u00fablicos en moneda extranjera a suscribir con otros t\u00edtulos emitidos en pesos, en la pr\u00e1ctica significa una dolarizaci\u00f3n de deuda&#8221;.<\/p>\n<p>En ese sentido, los diputados de Juntos por el Cambio anticiparon que durante la votaci\u00f3n en particular no avalar\u00edan los art\u00edculos 7, 8 y 11.<\/p>\n<p>El diputado de Consenso Federal, Jorge Sarghini, asegur\u00f3 que su bloque &#8220;acompa\u00f1a plenamente&#8221; el proyecto de ampliaci\u00f3n de presupuesto y que desde su partido &#8220;no le exigimos al Gobierno que nos d\u00e9 precisiones que sabemos que no nos puede dar&#8221; en un mundo donde reina la incertidumbre a causa de la pandemia de coronavirus.<\/p>\n<p>Adem\u00e1s, sostuvo que se debe aprobar la ampliaci\u00f3n porque como consecuencia de la pandemia &#8220;los recursos crecieron en un 25 por ciento mientras que los gastos lo hicieron en un 75 por ciento debido al derrumbe de la econom\u00eda&#8221;.<\/p>\n<p>&#8220;Nosotros vemos lamentablemente en este presupuesto que el articulo 7 pone una nube negra porque determina un privilegio porque dolariza t\u00edtulos que est\u00e1n en pesos y eso otorga un privilegio&#8221;, apunt\u00f3.<\/p>\n<p>En tanto, el diputado cordob\u00e9s Pablo Cassineiro destac\u00f3 que la creaci\u00f3n del Fondo Covid para el transporte p\u00fablico de pasajeros del interior del pa\u00eds -por un monto de 10.500 millones de pesos- es un &#8220;tema que ped\u00edamos y que pudo ser resuelto con el di\u00e1logo&#8221;. No obstante, se quej\u00f3 de que &#8220;el 65 por ciento de los subsidios se destinen a la regi\u00f3n metropolitana&#8221;.<\/p>\n<p>En tanto, al promediar el debate, el titular de la bancada del PRO en la C\u00e1mara baja, Cristian Ritondo, propuso que se incorporen al presupuesto 5.000 millones de pesos destinados a un fondo de infraestructura municipal para la provincia de Buenos Aires, lo que fue aceptado por el oficialismo.<\/p>\n<p>La ampliaci\u00f3n de los gastos se financiar\u00e1 en parte con recursos de recaudaci\u00f3n de impuestos por $ 642.844 millones y el resto con las rentas del Banco Central y uso de fuentes financieras, con lo cual el d\u00e9ficit ser\u00e1 de 1.216.738.000 pesos.<\/p>\n<p>El proyecto contempla reforzar los recursos del ministerio de Desarrollo Social en $ 55.324,7 millones para la asistencia alimentaria, y las de la cartera de Desarrollo Productivo en $ 215.000 millones.<\/p>\n<p>Tambi\u00e9n se destinar\u00e1n a la Administraci\u00f3n Nacional de la Seguridad Social (Anses) $90.000 millones para el pago del Ingreso Familiar de Emergencia (IFE) y $80.000 millones para el Programa de Atenci\u00f3n de Emergencia al Trabajo y la Producci\u00f3n (ATP).<\/p>\n<p>Adem\u00e1s se ampliar\u00e1 en $50.000 millones de pesos el Programa de Emergencia Financiera Provincia creada en abril, para atender la emergencia como consecuencia de la pandemia.<\/p>\n<p>Uno de los temas que mayores controversias dispar\u00f3 entre los legisladores del Frente de Todos y la oposici\u00f3n -tanto Juntos por el Cambio como en los diputados de Consenso Federal- es el art\u00edculo s\u00e9ptimo en el que se autoriza la emisi\u00f3n de t\u00edtulos en d\u00f3lares para canjear por bonos en pesos.<\/p>\n<p>Otro punto que gener\u00f3 rispideces entre el oficialismo y la oposici\u00f3n fue el art\u00edculo que establec\u00eda la reposici\u00f3n del 10,5% del IVA a la leche com\u00fan y la reducci\u00f3n de ese tributo a las aditivadas y que finalmente retirado del mismo.<\/p>\n","protected":false},"excerpt":{"rendered":"<p>La C\u00e1mara de Diputados aprob\u00f3, en sesi\u00f3n especial, la ampliaci\u00f3n del presupuesto por casi $1,9 billones &nbsp; &nbsp; La C\u00e1mara de Diputados dio media sanci\u00f3n en general, con 228 votos a favor, 9 negativos y 16 abstenciones, al proyecto de ampliaci\u00f3n del Presupuesto 2020, que ahora gir\u00f3 al Senado. En tanto, en la votaci\u00f3n en particular, un sector de la oposici\u00f3n vot\u00f3 por la negativa los art\u00edculos 7 y 8 -que plantean la posibilidad de que los tenedores puedan dolarizar la deuda en pesos- y el 11, que tras la&#8230;<\/p>\n","protected":false},"author":3,"featured_media":65164,"comment_status":"closed","ping_status":"closed","sticky":false,"template":"","format":"standard","meta":[],"categories":[18],"tags":[],"_links":{"self":[{"href":"https:\/\/www.actualidadadiario.com\/index.php\/wp-json\/wp\/v2\/posts\/65163"}],"collection":[{"href":"https:\/\/www.actualidadadiario.com\/index.php\/wp-json\/wp\/v2\/posts"}],"about":[{"href":"https:\/\/www.actualidadadiario.com\/index.php\/wp-json\/wp\/v2\/types\/post"}],"author":[{"embeddable":true,"href":"https:\/\/www.actualidadadiario.com\/index.php\/wp-json\/wp\/v2\/users\/3"}],"replies":[{"embeddable":true,"href":"https:\/\/www.actualidadadiario.com\/index.php\/wp-json\/wp\/v2\/comments?post=65163"}],"version-history":[{"count":1,"href":"https:\/\/www.actualidadadiario.com\/index.php\/wp-json\/wp\/v2\/posts\/65163\/revisions"}],"predecessor-version":[{"id":65165,"href":"https:\/\/www.actualidadadiario.com\/index.php\/wp-json\/wp\/v2\/posts\/65163\/revisions\/65165"}],"wp:featuredmedia":[{"embeddable":true,"href":"https:\/\/www.actualidadadiario.com\/index.php\/wp-json\/wp\/v2\/media\/65164"}],"wp:attachment":[{"href":"https:\/\/www.actualidadadiario.com\/index.php\/wp-json\/wp\/v2\/media?parent=65163"}],"wp:term":[{"taxonomy":"category","embeddable":true,"href":"https:\/\/www.actualidadadiario.com\/index.php\/wp-json\/wp\/v2\/categories?post=65163"},{"taxonomy":"post_tag","embeddable":true,"href":"https:\/\/www.actualidadadiario.com\/index.php\/wp-json\/wp\/v2\/tags?post=65163"}],"curies":[{"name":"wp","href":"https:\/\/api.w.org\/{rel}","templated":true}]}}