{"id":65156,"date":"2020-08-05T13:04:08","date_gmt":"2020-08-05T16:04:08","guid":{"rendered":"https:\/\/www.actualidadadiario.com\/?p=65156"},"modified":"2020-08-05T13:04:08","modified_gmt":"2020-08-05T16:04:08","slug":"mauricio-macri-opino-sin-verguenza-sobre-la-deuda-defaultear-jamas-puede-estar-bien","status":"publish","type":"post","link":"https:\/\/www.actualidadadiario.com\/index.php\/2020\/08\/05\/mauricio-macri-opino-sin-verguenza-sobre-la-deuda-defaultear-jamas-puede-estar-bien\/","title":{"rendered":"Mauricio Macri opin\u00f3 sin verg\u00fcenza sobre la deuda: &#8220;Defaultear jam\u00e1s puede estar bien&#8221;"},"content":{"rendered":"<p style=\"text-align: center;\"><em><strong>La mayor\u00eda de la oposici\u00f3n celebr\u00f3 el acuerdo, pero tambi\u00e9n reclamaron un plan econ\u00f3mico con &#8220;equilibrio fiscal&#8221;<\/strong><\/em><\/p>\n<p>&nbsp;<\/p>\n<p>&nbsp;<\/p>\n<p>Desde distintos sectores de la oposici\u00f3n celebraron el acuerdo con los bonistas, aunque muchos plantearon tambi\u00e9n que hace falta un plan econ\u00f3mico. Y le apuntaron al d\u00e9ficit fiscal. Mientras vacaciona en Par\u00eds, el ex presidente Mauricio Macri obvi\u00f3 su papel en el incremento de la deuda que se est\u00e1 renegociando y simplemente afirm\u00f3: \u201c\u00a1Finalmente se cerr\u00f3! Defaultear jam\u00e1s puede estar bien&#8221;. Y retom\u00f3 sus paseos en familia en el veranito europeo. Desde el radicalismo, tambi\u00e9n reconocieron el acuerdo, aunque el titular de la UCR, Alfredo Cornejo, aclar\u00f3 que &#8220;pudo ser mejor&#8221;. La izquierda repudi\u00f3 el entendimiento con los fondos financieros.<\/p>\n<p>Seg\u00fan un estudio de la Universidad de Avellaneda, Macri dej\u00f3 pagos de deuda por m\u00e1s de 200 mil millones de pesos a vencer durante el mandato de Alberto Fern\u00e1ndez. Tambi\u00e9n hizo trepar la deuda bajo tribunales extranjeros en un 158 por ciento (unos 40 mil millones extra) y la deuda con organismos multilaterales como el FMI, en un 241 por ciento (48 mil millones). Ajeno a todo esto, Macri se mostr\u00f3 conforme con el acuerdo desde sus pol\u00e9micas vacaciones en Par\u00eds, pero aprovech\u00f3 para levantar el dedito: &#8220;Defaultear jam\u00e1s puede estar bien&#8221;, asegur\u00f3 el ex presidente, que continu\u00f3 con sus paseos, con sus producciones de fotos para revistas favorables y &#8211;seg\u00fan esas mismas publicaciones&#8211; con la dificultad de encontrar una panader\u00eda abierta para comprarle algo dulce a su hija.<\/p>\n<p>&#8220;Celebro que se haya llegado a un acuerdo con los acreedores y que la Argentina haya encontrado un esquema de pagos sostenible para el futuro de nuestro pa\u00eds que, a la vez, nos permita cumplir con nuestras obligaciones&#8221;, plante\u00f3 el jefe del gobierno porte\u00f1o, Horacio Rodr\u00edguez Larreta. &#8220;En este contexto adverso, el acuerdo es un buen primer paso para retomar la senda del crecimiento y el desarrollo.&#8221;<\/p>\n<p>Desde distintos sectores de la oposici\u00f3n celebraron el acuerdo con los bonistas, aunque muchos plantearon tambi\u00e9n que hace falta un plan econ\u00f3mico. Y le apuntaron al d\u00e9ficit fiscal. Mientras vacaciona en Par\u00eds, el ex presidente Mauricio Macri obvi\u00f3 su papel en el incremento de la deuda que se est\u00e1 renegociando y simplemente afirm\u00f3: \u201c\u00a1Finalmente se cerr\u00f3! Defaultear jam\u00e1s puede estar bien&#8221;. Y retom\u00f3 sus paseos en familia en el veranito europeo. Desde el radicalismo, tambi\u00e9n reconocieron el acuerdo, aunque el titular de la UCR, Alfredo Cornejo, aclar\u00f3 que &#8220;pudo ser mejor&#8221;. La izquierda repudi\u00f3 el entendimiento con los fondos financieros.<\/p>\n<p>Seg\u00fan un estudio de la Universidad de Avellaneda, Macri dej\u00f3 pagos de deuda por m\u00e1s de 200 mil millones de pesos a vencer durante el mandato de Alberto Fern\u00e1ndez. Tambi\u00e9n hizo trepar la deuda bajo tribunales extranjeros en un 158 por ciento (unos 40 mil millones extra) y la deuda con organismos multilaterales como el FMI, en un 241 por ciento (48 mil millones). Ajeno a todo esto, Macri se mostr\u00f3 conforme con el acuerdo desde sus pol\u00e9micas vacaciones en Par\u00eds, pero aprovech\u00f3 para levantar el dedito: &#8220;Defaultear jam\u00e1s puede estar bien&#8221;, asegur\u00f3 el ex presidente, que continu\u00f3 con sus paseos, con sus producciones de fotos para revistas favorables y &#8211;seg\u00fan esas mismas publicaciones&#8211; con la dificultad de encontrar una panader\u00eda abierta para comprarle algo dulce a su hija.<\/p>\n<p>&#8220;Celebro que se haya llegado a un acuerdo con los acreedores y que la Argentina haya encontrado un esquema de pagos sostenible para el futuro de nuestro pa\u00eds que, a la vez, nos permita cumplir con nuestras obligaciones&#8221;, plante\u00f3 el jefe del gobierno porte\u00f1o, Horacio Rodr\u00edguez Larreta. &#8220;En este contexto adverso, el acuerdo es un buen primer paso para retomar la senda del crecimiento y el desarrollo.&#8221;<\/p>\n<p>Mauricio no fue el \u00fanico Macri que opin\u00f3. El intendente de Vicente L\u00f3pez, Jorge Macri, tambi\u00e9n reconoci\u00f3 el logro del Gobierno. &#8220;Felicitaciones al Presidente y equipo por haber logrado el acuerdo por la deuda. Ahora es tiempo de recorrer el camino del desarrollo y empleo, generando \u00e1mbitos de acuerdo y consenso para poner a la Argentina de pie&#8221;, escribi\u00f3.<\/p>\n<p>El senador Esteban Bullrich tambi\u00e9n comparti\u00f3 esa idea. \u201cEra importante poder avanzar en el acuerdo y dejar el tema cerrado para poder dedicarle el tiempo a las otras \u00e1reas de la econom\u00eda&#8221;, indic\u00f3 el dirigente del PRO. \u201cDesde una oposici\u00f3n constructiva que apoy\u00f3 la negociaci\u00f3n con responsabilidad y m\u00e1s all\u00e1 de las diferencias, corresponde aplaudirlo. Despu\u00e9s analizaremos los detalles\u201d, sostuvo Federico Pinedo, ex presidente provisional del Senado.<\/p>\n<p>Desde el radicalismo, su titular Alfredo Cornejo us\u00f3 un tono m\u00e1s duro: &#8220;Ya no hay excusa, se cerr\u00f3 el acuerdo de la deuda (que pudo ser mejor). El Gobierno ahora debe mostrar el plan econ\u00f3mico para el d\u00eda despu\u00e9s de la pandemia. Queremos aportar a la salida de esta crisis que atraviesa el pa\u00eds&#8221;, sostuvo el dirigente de un partido con experiencia previa al endeudamiento de Macri: fue parte de la Alianza, en cuyo gobierno se trab\u00f3 el megacanje y el blindaje con el FMI, que culminaron en la crisis de 2001.<\/p>\n<p>Otro radical, el titular del interbloque de Juntos por el Cambio, Mario Negri, se pronunci\u00f3: \u201cCelebro que el presidente, Alberto Fern\u00e1ndez, y el ministro de Econom\u00eda, Mart\u00edn Guzm\u00e1n, hayan logrado el acuerdo con los acreedores externos. Este es un paso importante para el pa\u00eds, ya que permite sentar una de las bases para mejorar el acceso al financiamiento para el gobierno nacional, las provincias y, tambi\u00e9n, para el sector privado\u201d. Negri tambi\u00e9n reclam\u00f3 que \u201cel Gobierno explicite el rumbo econ\u00f3mico y presente los lineamientos de su pol\u00edtica para el corto, mediano y largo plazo. Posiblemente, la discusi\u00f3n del proyecto de Presupuesto Nacional 2021 que el Poder Ejecutivo debe enviar el Congreso el pr\u00f3ximo 15 de septiembre, sea el \u00e1mbito apropiado para lograrlo\u201d. &#8220;Si seguimos sosteniendo un d\u00e9ficit de 8, 9, 10 puntos del PBI, no nos va a servir&#8221;, apunt\u00f3 el diputado Ricardo Buryaile la direcci\u00f3n a seguir.<\/p>\n<p>Desde la Coalici\u00f3n C\u00edvica, su titular, Maximiliano Ferraro, afirm\u00f3 que &#8220;desde el inicio de las gestiones apoyamos el proceso de reestructuraci\u00f3n de la deuda porque lo importante era evitar un nuevo per\u00edodo de incumplimiento de nuestras obligaciones. Es auspicioso el acuerdo alcanzado, es el primer paso, una condici\u00f3n necesaria pero no suficiente, hacia una econom\u00eda ordenada y con perspectivas de futuro&#8221;. &#8220;Ojal\u00e1 que sea el punto de partida para un consenso sobre la necesidad imprescindible de contar con cuentas p\u00fablicas equilibradas, la \u00fanica manera real de hacer sostenible la deuda. Despejado el horizonte financiero, esperamos la presentaci\u00f3n de un programa econ\u00f3mico que genere las condiciones para la recuperaci\u00f3n de la dura recesi\u00f3n actual y el inicio de un per\u00edodo de crecimiento econ\u00f3mico que el pa\u00eds no consigue sostener desde el a\u00f1o 2011&#8243;, indic\u00f3.<\/p>\n<p>En tanto, ya por fuera de la coalici\u00f3n Juntos por el Cambio, el dirigente Jos\u00e9 Luis Espert sostuvo: \u201cEs una buena noticia para el pa\u00eds que los que nos metieron en default con la deuda externa, nos hayan sacado de ah\u00ed. En el medio quedaron las t\u00edpicas bravucanadas pedorras de nuestra pol\u00edtica&#8221;, ilustr\u00f3. &#8220;Se cerr\u00f3 donde los acreedores quer\u00edan. A a\u00f1os luz de lo que el gobierno deseaba\u201d, interpret\u00f3.<\/p>\n<p>Desde la izquierda, repudiaron el acuerdo, de manera consistente con su planteo de no pagar la deuda. El dirigente Christian &#8220;Chipi&#8221; Castillo consider\u00f3 que &#8220;La clase dominante festeja en pleno el arreglo con los &#8220;buitres&#8221;, que legitima la estafa de la deuda macrista. La riqueza nacional seguir\u00e1 llenando los bolsillos de los especuladores mientras se ajusta a los jubilados y laburantes. Solo el FIT-Unidad repudia la continuidad del saqueo&#8221;. El diputado Nicol\u00e1s Del Ca\u00f1o consider\u00f3: &#8220;No es casual que los dirigentes de Juntos por el Cambio tambi\u00e9n est\u00e9n festejando junto a los especuladores de Wall Street. El pueblo trabajador no tiene nada que festejar&#8221;.<\/p>\n","protected":false},"excerpt":{"rendered":"<p>La mayor\u00eda de la oposici\u00f3n celebr\u00f3 el acuerdo, pero tambi\u00e9n reclamaron un plan econ\u00f3mico con &#8220;equilibrio fiscal&#8221; &nbsp; &nbsp; Desde distintos sectores de la oposici\u00f3n celebraron el acuerdo con los bonistas, aunque muchos plantearon tambi\u00e9n que hace falta un plan econ\u00f3mico. Y le apuntaron al d\u00e9ficit fiscal. Mientras vacaciona en Par\u00eds, el ex presidente Mauricio Macri obvi\u00f3 su papel en el incremento de la deuda que se est\u00e1 renegociando y simplemente afirm\u00f3: \u201c\u00a1Finalmente se cerr\u00f3! Defaultear jam\u00e1s puede estar bien&#8221;. Y retom\u00f3 sus paseos en familia en el veranito europeo&#8230;.<\/p>\n","protected":false},"author":3,"featured_media":63687,"comment_status":"closed","ping_status":"closed","sticky":false,"template":"","format":"standard","meta":[],"categories":[18],"tags":[],"_links":{"self":[{"href":"https:\/\/www.actualidadadiario.com\/index.php\/wp-json\/wp\/v2\/posts\/65156"}],"collection":[{"href":"https:\/\/www.actualidadadiario.com\/index.php\/wp-json\/wp\/v2\/posts"}],"about":[{"href":"https:\/\/www.actualidadadiario.com\/index.php\/wp-json\/wp\/v2\/types\/post"}],"author":[{"embeddable":true,"href":"https:\/\/www.actualidadadiario.com\/index.php\/wp-json\/wp\/v2\/users\/3"}],"replies":[{"embeddable":true,"href":"https:\/\/www.actualidadadiario.com\/index.php\/wp-json\/wp\/v2\/comments?post=65156"}],"version-history":[{"count":1,"href":"https:\/\/www.actualidadadiario.com\/index.php\/wp-json\/wp\/v2\/posts\/65156\/revisions"}],"predecessor-version":[{"id":65157,"href":"https:\/\/www.actualidadadiario.com\/index.php\/wp-json\/wp\/v2\/posts\/65156\/revisions\/65157"}],"wp:featuredmedia":[{"embeddable":true,"href":"https:\/\/www.actualidadadiario.com\/index.php\/wp-json\/wp\/v2\/media\/63687"}],"wp:attachment":[{"href":"https:\/\/www.actualidadadiario.com\/index.php\/wp-json\/wp\/v2\/media?parent=65156"}],"wp:term":[{"taxonomy":"category","embeddable":true,"href":"https:\/\/www.actualidadadiario.com\/index.php\/wp-json\/wp\/v2\/categories?post=65156"},{"taxonomy":"post_tag","embeddable":true,"href":"https:\/\/www.actualidadadiario.com\/index.php\/wp-json\/wp\/v2\/tags?post=65156"}],"curies":[{"name":"wp","href":"https:\/\/api.w.org\/{rel}","templated":true}]}}