{"id":65153,"date":"2020-08-05T13:03:00","date_gmt":"2020-08-05T16:03:00","guid":{"rendered":"https:\/\/www.actualidadadiario.com\/?p=65153"},"modified":"2020-08-05T13:03:00","modified_gmt":"2020-08-05T16:03:00","slug":"guzman-esto-no-se-termino-pero-si-es-un-paso-decisivo-que-nos-pone-en-una-situacion-ventajosa","status":"publish","type":"post","link":"https:\/\/www.actualidadadiario.com\/index.php\/2020\/08\/05\/guzman-esto-no-se-termino-pero-si-es-un-paso-decisivo-que-nos-pone-en-una-situacion-ventajosa\/","title":{"rendered":"Guzm\u00e1n: &#8220;Esto no se termin\u00f3, pero s\u00ed es un paso decisivo que nos pone en una situaci\u00f3n ventajosa&#8221;"},"content":{"rendered":"<p style=\"text-align: center;\"><em><strong>El ministro de Hacienda ponder\u00f3 el acuerdo y su importancia &#8220;porque hab\u00eda que quitarle al sector p\u00fablico esta situaci\u00f3n de asfixia de destinar recursos que son muy importantes para las pol\u00edticas p\u00fablicas&#8221;<\/strong><\/em><\/p>\n<p>&nbsp;<\/p>\n<p>El ministro de Hacienda, Mart\u00edn Guzm\u00e1n, consider\u00f3 esta tarde que a\u00fan no han concluido las negociaciones con los acreedores, pero el consenso alcanzado anoche \u201ces un paso decisivo que nos pone en una situaci\u00f3n ventajosa\u201d para \u201cterminar esta reestructuraci\u00f3n de manera ordenada\u201d.<\/p>\n<p>En conferencia de prensa, el titular de la cartera econ\u00f3mica consider\u00f3 que el acuerdo divulgado esta madrugada \u201cayuda\u201d ya que provee una situaci\u00f3n de \u201calivio\u201d que le generar\u00e1 a la Argentina \u201ccondiciones de saneamiento a las finanzas p\u00fablicas, de certidumbre al sector privado\u201d y le dar\u00e1 al pa\u00eds \u201cotra plataforma para poder despegar cuando la pandemia de tregua.<\/p>\n<p>En esa l\u00ednea, Guzm\u00e1n sostuvo que \u201cera muy importante resolver este problema porque hab\u00eda que quitarle al sector p\u00fablico esta situaci\u00f3n de asfixia de destinar recursos que son muy importantes para las pol\u00edticas p\u00fablicas (&#8230;) de poder dejar de destinarlos al pago de Deuda externa que terminaba resultando una carga, que le hac\u00eda muy mal a la econom\u00eda y la sociedad argentina\u201d.<\/p>\n<p>Adem\u00e1s, evalu\u00f3 que \u201chab\u00eda que generar condiciones de estabilidad cambiaria que nos permita desarrollar instrumentos de financiamiento en nuestra propia moneda y as\u00ed las empresas puedan acceder al cr\u00e9dito\u201d.<\/p>\n<p>Respecto al devenir de las negociaciones con los tenedores de bonos, afirm\u00f3 que \u201ccorresponde que sean duras porque todas las partes est\u00e1n defendiendo sus intereses a ultranza\u201d.<\/p>\n<p>El ministro agradeci\u00f3 tambi\u00e9n el apoyo del Fondo Monetario Internacional, de acad\u00e9micos internacionales, gobernadores e intendentes.<\/p>\n","protected":false},"excerpt":{"rendered":"<p>El ministro de Hacienda ponder\u00f3 el acuerdo y su importancia &#8220;porque hab\u00eda que quitarle al sector p\u00fablico esta situaci\u00f3n de asfixia de destinar recursos que son muy importantes para las pol\u00edticas p\u00fablicas&#8221; &nbsp; El ministro de Hacienda, Mart\u00edn Guzm\u00e1n, consider\u00f3 esta tarde que a\u00fan no han concluido las negociaciones con los acreedores, pero el consenso alcanzado anoche \u201ces un paso decisivo que nos pone en una situaci\u00f3n ventajosa\u201d para \u201cterminar esta reestructuraci\u00f3n de manera ordenada\u201d. En conferencia de prensa, el titular de la cartera econ\u00f3mica consider\u00f3 que el acuerdo divulgado&#8230;<\/p>\n","protected":false},"author":3,"featured_media":65154,"comment_status":"closed","ping_status":"closed","sticky":false,"template":"","format":"standard","meta":[],"categories":[9],"tags":[],"_links":{"self":[{"href":"https:\/\/www.actualidadadiario.com\/index.php\/wp-json\/wp\/v2\/posts\/65153"}],"collection":[{"href":"https:\/\/www.actualidadadiario.com\/index.php\/wp-json\/wp\/v2\/posts"}],"about":[{"href":"https:\/\/www.actualidadadiario.com\/index.php\/wp-json\/wp\/v2\/types\/post"}],"author":[{"embeddable":true,"href":"https:\/\/www.actualidadadiario.com\/index.php\/wp-json\/wp\/v2\/users\/3"}],"replies":[{"embeddable":true,"href":"https:\/\/www.actualidadadiario.com\/index.php\/wp-json\/wp\/v2\/comments?post=65153"}],"version-history":[{"count":1,"href":"https:\/\/www.actualidadadiario.com\/index.php\/wp-json\/wp\/v2\/posts\/65153\/revisions"}],"predecessor-version":[{"id":65155,"href":"https:\/\/www.actualidadadiario.com\/index.php\/wp-json\/wp\/v2\/posts\/65153\/revisions\/65155"}],"wp:featuredmedia":[{"embeddable":true,"href":"https:\/\/www.actualidadadiario.com\/index.php\/wp-json\/wp\/v2\/media\/65154"}],"wp:attachment":[{"href":"https:\/\/www.actualidadadiario.com\/index.php\/wp-json\/wp\/v2\/media?parent=65153"}],"wp:term":[{"taxonomy":"category","embeddable":true,"href":"https:\/\/www.actualidadadiario.com\/index.php\/wp-json\/wp\/v2\/categories?post=65153"},{"taxonomy":"post_tag","embeddable":true,"href":"https:\/\/www.actualidadadiario.com\/index.php\/wp-json\/wp\/v2\/tags?post=65153"}],"curies":[{"name":"wp","href":"https:\/\/api.w.org\/{rel}","templated":true}]}}