{"id":65150,"date":"2020-08-05T13:02:09","date_gmt":"2020-08-05T16:02:09","guid":{"rendered":"https:\/\/www.actualidadadiario.com\/?p=65150"},"modified":"2020-08-05T13:02:09","modified_gmt":"2020-08-05T16:02:09","slug":"es-tiempo-de-construir-una-argentina-seria","status":"publish","type":"post","link":"https:\/\/www.actualidadadiario.com\/index.php\/2020\/08\/05\/es-tiempo-de-construir-una-argentina-seria\/","title":{"rendered":"\u201cEs tiempo de construir una Argentina seria&#8221;"},"content":{"rendered":"<p style=\"text-align: center;\"><em><strong>El Presidente de la Naci\u00f3n concluy\u00f3 el martes, luego de conseguir un acuerdo por la deuda externa, con un extenso texto que public\u00f3 en sus redes sociales sobre lo acontecido durante las negociaciones y sus anhelos futuros<\/strong><\/em><\/p>\n<p>&nbsp;<\/p>\n<p>El presidente Alberto Fern\u00e1ndez comparti\u00f3 a trav\u00e9s de sus cuentas en las redes sociales un extenso mensaje en la noche del martes donde relat\u00f3 sus sensaciones tras conseguir un acuerdo con los acreedores por la deuda externa de la Argentina.<\/p>\n<p>En tanto, destac\u00f3 algunos pensamientos sobre el pa\u00eds que buscar\u00e1 llevar a cabo durante sus a\u00f1os de mandato y cerr\u00f3 su texto con una frase contundente: \u201cEstamos en condiciones de volver a crecer y de volver a ponernos de pie. Ya lo hicimos muchas veces. Hag\u00e1moslo una vez m\u00e1s\u201d.<\/p>\n<p>Por su parte, el jefe de Gabinete, Santiago Cafiero, tambi\u00e9n cerr\u00f3 el d\u00eda de ayer, martes, con un breve an\u00e1lisis, a trav\u00e9s de su cuenta en redes sociales, de los que hab\u00eda acontecido. &#8220;Terminamos un d\u00eda muy importante. Con el acuerdo logrado con los acreedores y el relanzamiento del programa Procrear estamos dando los primeros pasos para poner a la Argentina nuevamente de pie&#8221;.<\/p>\n<p>&nbsp;<\/p>\n<p><strong>El texto completo compartido por Alberto Fern\u00e1ndez:<\/strong><\/p>\n<p><em>Termina un d\u00eda muy largo e intenso para nosotros, pero muy importante y alentador para el pa\u00eds. El acuerdo con los principales acreedores privados para reestructurar parte de nuestra deuda p\u00fablica es un gran alivio en esta situaci\u00f3n tan dif\u00edcil que atravesamos. <\/em><\/p>\n<p><em>Pero tambi\u00e9n es un primer paso, fundamental, que da seriedad y previsibilidad a nuestro proyecto. El primero de muchos que debemos dar para construir esa Argentina justa, igualitaria y pujante, una tarea que llevaremos a cabo entre todos. <\/em><\/p>\n<p><em>Este acuerdo tambi\u00e9n significa que la negociaci\u00f3n que comenzar\u00e1 pronto con el Fondo Monetario puede completarse en t\u00e9rminos sustentables, sosteniendo los mismos principios y criterios que en la negociaci\u00f3n con privados, y en forma coherente e integral. <\/em><\/p>\n<p><em>El Fondo ya ha reconocido que nuestra deuda era insostenible. Ahora resta buscar una soluci\u00f3n que no postergue m\u00e1s a quienes sufren y a quienes la pandemia ha puesto en una situaci\u00f3n de extrema vulnerabilidad. <\/em><\/p>\n<p><em>A la vez, avanza en el Congreso el proyecto de Ley para ofrecerles estos mismos criterios de canje de la deuda a nuestros acreedores locales. Esto es in\u00e9dito en la historia reciente y un avance institucional para construir confianza a futuro. <\/em><\/p>\n<p><em>Es tiempo de construir una Argentina seria, previsible, solidaria e inclusiva, donde los n\u00fameros cierren, como dijimos siempre, con la gente adentro. Nadie puede ser feliz viendo a un compatriota que sufre, porque nadie se salva solo. <\/em><\/p>\n<p><em>Es tiempo de construir, tambi\u00e9n, un mundo con m\u00e1s empat\u00eda y sensatez, donde la producci\u00f3n y el trabajo est\u00e9n por encima del capital especulativo. Donde las necesidades de los m\u00e1s pobres sean atendidas antes que los intereses de quienes est\u00e1n en una situaci\u00f3n de mayor privilegio. <\/em><\/p>\n<p><em>En esa tarea tiene mucho para contribuir nuestra regi\u00f3n, integrada por pueblos con historias comunes que han sido v\u00edctimas de los mismos despojos y las mismas decisiones irresponsables que llevaron a nuestras naciones a la postraci\u00f3n. <\/em><\/p>\n<p><em>El paso que dimos hoy es importante, pero no es el \u00fanico. Ahora nos resta demostrar que somos capaces de construir nuestro propio destino, que estamos en condiciones de volver a crecer y de volver a ponernos de pie. Ya lo hicimos muchas veces. Hag\u00e1moslo una vez m\u00e1s.<\/em><\/p>\n","protected":false},"excerpt":{"rendered":"<p>El Presidente de la Naci\u00f3n concluy\u00f3 el martes, luego de conseguir un acuerdo por la deuda externa, con un extenso texto que public\u00f3 en sus redes sociales sobre lo acontecido durante las negociaciones y sus anhelos futuros &nbsp; El presidente Alberto Fern\u00e1ndez comparti\u00f3 a trav\u00e9s de sus cuentas en las redes sociales un extenso mensaje en la noche del martes donde relat\u00f3 sus sensaciones tras conseguir un acuerdo con los acreedores por la deuda externa de la Argentina. En tanto, destac\u00f3 algunos pensamientos sobre el pa\u00eds que buscar\u00e1 llevar a&#8230;<\/p>\n","protected":false},"author":3,"featured_media":65151,"comment_status":"closed","ping_status":"closed","sticky":false,"template":"","format":"standard","meta":[],"categories":[9],"tags":[],"_links":{"self":[{"href":"https:\/\/www.actualidadadiario.com\/index.php\/wp-json\/wp\/v2\/posts\/65150"}],"collection":[{"href":"https:\/\/www.actualidadadiario.com\/index.php\/wp-json\/wp\/v2\/posts"}],"about":[{"href":"https:\/\/www.actualidadadiario.com\/index.php\/wp-json\/wp\/v2\/types\/post"}],"author":[{"embeddable":true,"href":"https:\/\/www.actualidadadiario.com\/index.php\/wp-json\/wp\/v2\/users\/3"}],"replies":[{"embeddable":true,"href":"https:\/\/www.actualidadadiario.com\/index.php\/wp-json\/wp\/v2\/comments?post=65150"}],"version-history":[{"count":1,"href":"https:\/\/www.actualidadadiario.com\/index.php\/wp-json\/wp\/v2\/posts\/65150\/revisions"}],"predecessor-version":[{"id":65152,"href":"https:\/\/www.actualidadadiario.com\/index.php\/wp-json\/wp\/v2\/posts\/65150\/revisions\/65152"}],"wp:featuredmedia":[{"embeddable":true,"href":"https:\/\/www.actualidadadiario.com\/index.php\/wp-json\/wp\/v2\/media\/65151"}],"wp:attachment":[{"href":"https:\/\/www.actualidadadiario.com\/index.php\/wp-json\/wp\/v2\/media?parent=65150"}],"wp:term":[{"taxonomy":"category","embeddable":true,"href":"https:\/\/www.actualidadadiario.com\/index.php\/wp-json\/wp\/v2\/categories?post=65150"},{"taxonomy":"post_tag","embeddable":true,"href":"https:\/\/www.actualidadadiario.com\/index.php\/wp-json\/wp\/v2\/tags?post=65150"}],"curies":[{"name":"wp","href":"https:\/\/api.w.org\/{rel}","templated":true}]}}