{"id":65140,"date":"2020-08-05T12:58:37","date_gmt":"2020-08-05T15:58:37","guid":{"rendered":"https:\/\/www.actualidadadiario.com\/?p=65140"},"modified":"2020-08-05T12:58:37","modified_gmt":"2020-08-05T15:58:37","slug":"incendios-en-el-delta-todos-los-caminos-conducen-a-los-productores-agropecuarios","status":"publish","type":"post","link":"https:\/\/www.actualidadadiario.com\/index.php\/2020\/08\/05\/incendios-en-el-delta-todos-los-caminos-conducen-a-los-productores-agropecuarios\/","title":{"rendered":"Incendios en el Delta: todos los caminos conducen a los productores agropecuarios"},"content":{"rendered":"<p style=\"text-align: center;\"><em><strong>El ministro de Ambiente Juan Cabandi\u00e9 asegur\u00f3 que los responsables son &#8220;los productores de la zona que est\u00e1n quemando los pastizales para mejorar el forraje&#8221; y se mostr\u00f3 convencido de que, para resolver el problema, la justicia debe detenerlos y apresarlos<\/strong><\/em><\/p>\n<p>&nbsp;<\/p>\n<p>&nbsp;<\/p>\n<p>El humo de los incendios en el delta del Paran\u00e1 invade Rosario desde hace d\u00edas.\u00a0 De noche, las llamas contrastan con la oscuridad del cielo y el fuego se puede ver a lo largo de toda la costanera. Son alrededor de 5 mil focos de incendio que, desde hace m\u00e1s de un par de semanas, cubren los humedales del R\u00edo Paran\u00e1, resecos debido a la pronunciada bajante del r\u00edo. Mientras que organizaciones ambientales cortan el puente Rosario-Victoria denunciando un &#8220;ecocidio&#8221;, el gobierno de Entre R\u00edos reconoce que la situaci\u00f3n &#8220;se les fue de las manos&#8221;, que la sequ\u00eda hist\u00f3rica los &#8220;desbord\u00f3&#8221;, y demanda m\u00e1s ayuda del gobierno nacional y de la provincia de Santa Fe. La Justicia, mientras tanto, investiga a productores agropecuarios de la zona, denunciados penalmente por quemar los pastizales del delta para el desarrollo de la producci\u00f3n ganadera.<\/p>\n<p>&#8220;Impresiona ver la dimensi\u00f3n del da\u00f1o que este ecocidio est\u00e1 causando sobre el humedal. Los responsables de estas quemas tan da\u00f1inas para la salud de las personas y tan brutales con nuestra tierra tienen que pagar por lo que han hecho&#8221;, declar\u00f3 el ministro de Ambiente y Desarrollo Sostenible de la Naci\u00f3n, Juan Cabandi\u00e9, quien hace un par de semanas denunci\u00f3 penalmente y pidi\u00f3 la detenci\u00f3n de los propietarios de los terrenos en donde se realizaron las quemas. Cabandi\u00e9 asegur\u00f3 que los responsables de los incendios son &#8220;los productores agropecuarios de la zona que est\u00e1n quemando los pastizales para mejorar el forraje&#8221;, y se mostr\u00f3 convencido de que, para resolver el problema, la Justicia debe detenerlos y apresarlos. &#8220;El Ministerio de Ambiente no tiene competencia sobre los recursos naturales, no tiene poder de polic\u00eda, quien s\u00ed lo tiene es la provincia de Entre R\u00edos&#8221;, determin\u00f3.<\/p>\n<p>&#8220;Todo lo que la provincia de Entre R\u00edos ten\u00eda disponible para apagar los incendios lo destin\u00f3 ah\u00ed: comisar\u00edas, brigada de delitos rurales, bomberos. Pero la verdad es que la provincia cuenta con pocos recursos, porque no hay infraestructura y no es que se puede entrar ah\u00ed con camiones hidratantes o lanchas, la \u00fanica manera es con helic\u00f3ptero y por eso pedimos ayuda al gobierno nacional&#8221;, explic\u00f3, por su parte, el fiscal de Estado de Entre R\u00edos, Julio Rodr\u00edguez Signes. &#8220;El delta tiene un mill\u00f3n y medio de hect\u00e1reas, representa el 20 por ciento de la superficie total de Entre R\u00edos. Empezaron con la quema de pastizales hace unos meses y los incendios se fueron propagando como nunca por las condiciones meteorol\u00f3gicas: no llueve, el r\u00edo est\u00e1 en una bajante hist\u00f3rica, casi no hay agua, as\u00ed que el fuego comenz\u00f3 a expandirse de forma espont\u00e1nea. Esta vez la situaci\u00f3n se desbord\u00f3, es imposible de controlar&#8221;, argument\u00f3 Rodr\u00edguez Signes, quien sin embargo admiti\u00f3 que la quema de pastizales es una pr\u00e1ctica ilegal que se repite todos los a\u00f1os. Consultados sobre por qu\u00e9 el Estado no sancionaba a los productores que, c\u00edclicamente, prend\u00edan fuego los pastizales del delta, fuentes del gobierno de Entre R\u00edos respondieron: &#8220;Fracasa el sistema, la provincia no tiene los recursos para hacer uso del poder de polic\u00eda que necesit\u00e1s para controlarlos. Generalmente ellos hacen los incendios, pasa y nos olvidamos&#8221;.<\/p>\n<p>Desde febrero, los incendios han consumido un total de 50 mil hect\u00e1reas (una superficie que equivale a tres veces la ciudad de Rosario), seg\u00fan el relevamiento de una organizaci\u00f3n ecologista llamada &#8220;Naturalistas santafecinos&#8221;. Si bien el gobierno nacional destin\u00f3 helic\u00f3pteros, aviones hidratantes, efectivos del Grupo Albatros (el cuerpo de elite de Prefectura Naval), que se sumaron a los esfuerzos conjuntos de los gobiernos provinciales de Santa Fe y Entre R\u00edos, el impacto ambiental del fuego en los humedales es devastador. &#8220;Lo grave no es s\u00f3lo que afecta un important\u00edsimo recurso natural estrat\u00e9gico, en tanto que es uno de los reservorios m\u00e1s grandes de agua dulce, sino que tambi\u00e9n impacta sobre las funciones ecosist\u00e9micas que tiene, como evitar inundaciones. Los humedales son, adem\u00e1s, grandes consumidores de carbono y, en el caso del Paran\u00e1, cuentan con m\u00e1s de 700 especies de plantas, 100 especies de peces y 200 especies de mam\u00edferos&#8221;, explic\u00f3 el diputado socialista de Santa Fe, Enrique Est\u00e9vez, que present\u00f3 un proyecto de ley para la protecci\u00f3n de los humedales.<\/p>\n<p>&#8220;Basta de quemar las islas&#8221;, &#8220;No al ecocidio&#8221;, &#8220;No es pasto quemado, es bosque nativo ardiendo&#8221;, &#8220;Ley de Humedales Ya&#8221;, rezaban los carteles de la protesta que el s\u00e1bado cort\u00f3 el punte Rosario-Victoria. La convocatoria, organizada por la Multisectorial por la Ley de Humedales, reclama, adem\u00e1s del cese de las quemas y la efectiva sanci\u00f3n de los responsables, la sanci\u00f3n de una Ley de Humedales. &#8220;La Ley de Humedales tiene un largo derrotero, se intent\u00f3 sancionar en el 2013 y en el 2016 pero las dos veces terminaron dormidas en alguna de las C\u00e1maras por el lobby de los agronegocios. Una Ley de Humedales te permite realizar un inventario de los humedales, te da unas pautas m\u00ednimas y, adem\u00e1s, te permite evidenciar y desnaturalizar la quema como actividad&#8221;, indic\u00f3 el abogado ambientalista Enrique Viale, quien tambi\u00e9n acus\u00f3 al gobierno de Entre R\u00edos de &#8220;ser hist\u00f3ricamente muy sumiso a los intereses del agronegocio y de relativizar las quemas en la zona&#8221;.\u00a0 Por otro lado, Cabandi\u00e9 asegur\u00f3 tambi\u00e9n haber intentado conciliar con la provincia de Santa Fe y de Entre R\u00edos la creaci\u00f3n de un \u00e1rea protegida &#8211; &#8220;que contemplara lo productivo pero desde un punto de vista sostenible&#8221; -, pero que el gobierno de Entre R\u00edos se neg\u00f3.<\/p>\n<p>Seg\u00fan una encuesta realizada por la Universidad Nacional de Rosario, el 60 por ciento de la poblaci\u00f3n local responsabiliza a los empresarios ganaderos por los incendios. Hasta el momento, la Justicia Federal est\u00e1 investigando a ocho personas por las quemas, todos propietarios de lotes que fueron incendiados. Uno de ellos es Rufino Baggio, empresario y descendiente del socio fundador de RBP S.A, la firma que controla la famosa empresa de Jugos Baggio. Los productores rurales de Entre R\u00edos, por otro lado, niegan tener responsabilidad sobre los incendios y aseguran que estos se producen por culpa de la circulaci\u00f3n de personas en el terreno en un contexto de gran sequ\u00eda, en el que &#8220;ante cualquier descuido puede ser f\u00e1cil presa del fuego&#8221;. Siguiendo esta l\u00ednea, el domingo pasado fueron detenidos dos pescadores santafecinos, acusados de haber iniciado uno de los focos de incendio en las islas del Departamento Diamante. Sin embargo, los funcionarios de Entre R\u00edos y Santa Fe coinciden en que, si bien es cierto que pueden ocurrir ciertos &#8220;descuidos&#8221; que provocan algunos focos de incendio, los principales responsables son los productores agropecuarios de la zona.<\/p>\n","protected":false},"excerpt":{"rendered":"<p>El ministro de Ambiente Juan Cabandi\u00e9 asegur\u00f3 que los responsables son &#8220;los productores de la zona que est\u00e1n quemando los pastizales para mejorar el forraje&#8221; y se mostr\u00f3 convencido de que, para resolver el problema, la justicia debe detenerlos y apresarlos &nbsp; &nbsp; El humo de los incendios en el delta del Paran\u00e1 invade Rosario desde hace d\u00edas.\u00a0 De noche, las llamas contrastan con la oscuridad del cielo y el fuego se puede ver a lo largo de toda la costanera. Son alrededor de 5 mil focos de incendio que,&#8230;<\/p>\n","protected":false},"author":3,"featured_media":65141,"comment_status":"closed","ping_status":"closed","sticky":false,"template":"","format":"standard","meta":[],"categories":[2],"tags":[],"_links":{"self":[{"href":"https:\/\/www.actualidadadiario.com\/index.php\/wp-json\/wp\/v2\/posts\/65140"}],"collection":[{"href":"https:\/\/www.actualidadadiario.com\/index.php\/wp-json\/wp\/v2\/posts"}],"about":[{"href":"https:\/\/www.actualidadadiario.com\/index.php\/wp-json\/wp\/v2\/types\/post"}],"author":[{"embeddable":true,"href":"https:\/\/www.actualidadadiario.com\/index.php\/wp-json\/wp\/v2\/users\/3"}],"replies":[{"embeddable":true,"href":"https:\/\/www.actualidadadiario.com\/index.php\/wp-json\/wp\/v2\/comments?post=65140"}],"version-history":[{"count":1,"href":"https:\/\/www.actualidadadiario.com\/index.php\/wp-json\/wp\/v2\/posts\/65140\/revisions"}],"predecessor-version":[{"id":65142,"href":"https:\/\/www.actualidadadiario.com\/index.php\/wp-json\/wp\/v2\/posts\/65140\/revisions\/65142"}],"wp:featuredmedia":[{"embeddable":true,"href":"https:\/\/www.actualidadadiario.com\/index.php\/wp-json\/wp\/v2\/media\/65141"}],"wp:attachment":[{"href":"https:\/\/www.actualidadadiario.com\/index.php\/wp-json\/wp\/v2\/media?parent=65140"}],"wp:term":[{"taxonomy":"category","embeddable":true,"href":"https:\/\/www.actualidadadiario.com\/index.php\/wp-json\/wp\/v2\/categories?post=65140"},{"taxonomy":"post_tag","embeddable":true,"href":"https:\/\/www.actualidadadiario.com\/index.php\/wp-json\/wp\/v2\/tags?post=65140"}],"curies":[{"name":"wp","href":"https:\/\/api.w.org\/{rel}","templated":true}]}}