{"id":65131,"date":"2020-08-05T12:54:48","date_gmt":"2020-08-05T15:54:48","guid":{"rendered":"https:\/\/www.actualidadadiario.com\/?p=65131"},"modified":"2020-08-05T12:54:48","modified_gmt":"2020-08-05T15:54:48","slug":"agmer-convoco-a-plenario-de-secretarios-generales-para-este-viernes","status":"publish","type":"post","link":"https:\/\/www.actualidadadiario.com\/index.php\/2020\/08\/05\/agmer-convoco-a-plenario-de-secretarios-generales-para-este-viernes\/","title":{"rendered":"Agmer convoc\u00f3 a Plenario de secretarios generales para este viernes"},"content":{"rendered":"<p style=\"text-align: center;\"><em><strong>En el encuentro, que se realizar\u00e1 bajo la modalidad virtual, se har\u00e1 un an\u00e1lisis de la situaci\u00f3n nacional y provincial y se definir\u00e1n las \u201cestrategias a seguir\u201d \u00b7 En ese marco, desde el gremio adelantaron que \u201cseguramente\u201d se debatir\u00e1 la posibilidad de realizar nuevas medidas de acci\u00f3n<\/strong><\/em><\/p>\n<p>&nbsp;<\/p>\n<p>&nbsp;<\/p>\n<p>La Comisi\u00f3n Directiva Central de la Asociaci\u00f3n Gremial del Magisterio de Entre R\u00edos (Agmer) convoc\u00f3 al Plenario de Secretarios y Secretarias Generales, para este viernes 7 de agosto a partir de las 9 horas.<\/p>\n<p>El cuerpo deliberar\u00e1 en modalidad virtual, a trav\u00e9s de videoconferencia por plataforma Google Meet.<\/p>\n<p>Desde el gremio indicaron a esta Agencia que \u201cseguramente\u201d se analizar\u00e1 la posibilidad de llevar adelante nuevas medidas de acci\u00f3n.<\/p>\n<p>En el orden del d\u00eda se incluye: informe del Secretario general; informe de reuniones de Comisi\u00f3n de Salario; an\u00e1lisis de la situaci\u00f3n nacional y provincial; estrategias a seguir.<\/p>\n","protected":false},"excerpt":{"rendered":"<p>En el encuentro, que se realizar\u00e1 bajo la modalidad virtual, se har\u00e1 un an\u00e1lisis de la situaci\u00f3n nacional y provincial y se definir\u00e1n las \u201cestrategias a seguir\u201d \u00b7 En ese marco, desde el gremio adelantaron que \u201cseguramente\u201d se debatir\u00e1 la posibilidad de realizar nuevas medidas de acci\u00f3n &nbsp; &nbsp; La Comisi\u00f3n Directiva Central de la Asociaci\u00f3n Gremial del Magisterio de Entre R\u00edos (Agmer) convoc\u00f3 al Plenario de Secretarios y Secretarias Generales, para este viernes 7 de agosto a partir de las 9 horas. El cuerpo deliberar\u00e1 en modalidad virtual, a&#8230;<\/p>\n","protected":false},"author":3,"featured_media":20804,"comment_status":"closed","ping_status":"closed","sticky":false,"template":"","format":"standard","meta":[],"categories":[15],"tags":[],"_links":{"self":[{"href":"https:\/\/www.actualidadadiario.com\/index.php\/wp-json\/wp\/v2\/posts\/65131"}],"collection":[{"href":"https:\/\/www.actualidadadiario.com\/index.php\/wp-json\/wp\/v2\/posts"}],"about":[{"href":"https:\/\/www.actualidadadiario.com\/index.php\/wp-json\/wp\/v2\/types\/post"}],"author":[{"embeddable":true,"href":"https:\/\/www.actualidadadiario.com\/index.php\/wp-json\/wp\/v2\/users\/3"}],"replies":[{"embeddable":true,"href":"https:\/\/www.actualidadadiario.com\/index.php\/wp-json\/wp\/v2\/comments?post=65131"}],"version-history":[{"count":1,"href":"https:\/\/www.actualidadadiario.com\/index.php\/wp-json\/wp\/v2\/posts\/65131\/revisions"}],"predecessor-version":[{"id":65132,"href":"https:\/\/www.actualidadadiario.com\/index.php\/wp-json\/wp\/v2\/posts\/65131\/revisions\/65132"}],"wp:featuredmedia":[{"embeddable":true,"href":"https:\/\/www.actualidadadiario.com\/index.php\/wp-json\/wp\/v2\/media\/20804"}],"wp:attachment":[{"href":"https:\/\/www.actualidadadiario.com\/index.php\/wp-json\/wp\/v2\/media?parent=65131"}],"wp:term":[{"taxonomy":"category","embeddable":true,"href":"https:\/\/www.actualidadadiario.com\/index.php\/wp-json\/wp\/v2\/categories?post=65131"},{"taxonomy":"post_tag","embeddable":true,"href":"https:\/\/www.actualidadadiario.com\/index.php\/wp-json\/wp\/v2\/tags?post=65131"}],"curies":[{"name":"wp","href":"https:\/\/api.w.org\/{rel}","templated":true}]}}