{"id":65125,"date":"2020-08-05T12:53:04","date_gmt":"2020-08-05T15:53:04","guid":{"rendered":"https:\/\/www.actualidadadiario.com\/?p=65125"},"modified":"2020-08-05T12:53:04","modified_gmt":"2020-08-05T15:53:04","slug":"proponen-que-el-senado-pueda-sesionar-en-cualquier-lugar-de-la-provincia","status":"publish","type":"post","link":"https:\/\/www.actualidadadiario.com\/index.php\/2020\/08\/05\/proponen-que-el-senado-pueda-sesionar-en-cualquier-lugar-de-la-provincia\/","title":{"rendered":"Proponen que el Senado pueda sesionar en cualquier lugar de la provincia"},"content":{"rendered":"<p style=\"text-align: center;\"><em><strong>Un proyecto de resoluci\u00f3n del senador Armando Gay (Frente Creer \u2013 Concordia) que ingresar\u00e1 este mi\u00e9rcoles a la C\u00e1mara, propone modificar el reglamento de funcionamiento del cuerpo para dejarlo ajustado a situaciones excepcionales y tambi\u00e9n habilita que, a pedido de un legislador, el Senado pueda funcionar en cualquier departamento de la provincia, indica el texto de la iniciativa<\/strong><\/em><\/p>\n<p>&nbsp;<\/p>\n<p>&nbsp;<\/p>\n<p>El proyecto modifica el art\u00edculo 30\u00ba del reglamento, referido al modo de constituci\u00f3n de la C\u00e1mara, estableciendo que el Senado no podr\u00e1 funcionar fuera del recinto \u201csalvo casos extraordinarios o de fuerza mayor\u201d, incorporando la posibilidad de sesionar de manera no presencial y remota a trav\u00e9s del medio tecnol\u00f3gico m\u00e1s adecuado.<\/p>\n<p>Por otro lado, incorpora como novedad la posibilidad de que el Senado pueda funcionar fuera de Paran\u00e1, en cualquier departamento de la provincia. \u201cExcepcionalmente, y a pedido de un legislador, con aprobaci\u00f3n de la simple mayor\u00eda del cuerpo se podr\u00e1 sesionar en cualquiera de los departamentos de nuestra provincia, en el marco del Senado Abierto\u201d, establece el proyecto del representante de Concordia, que lleva tambi\u00e9n la firma del representante de Uruguay, Jorge Maradey.<\/p>\n","protected":false},"excerpt":{"rendered":"<p>Un proyecto de resoluci\u00f3n del senador Armando Gay (Frente Creer \u2013 Concordia) que ingresar\u00e1 este mi\u00e9rcoles a la C\u00e1mara, propone modificar el reglamento de funcionamiento del cuerpo para dejarlo ajustado a situaciones excepcionales y tambi\u00e9n habilita que, a pedido de un legislador, el Senado pueda funcionar en cualquier departamento de la provincia, indica el texto de la iniciativa &nbsp; &nbsp; El proyecto modifica el art\u00edculo 30\u00ba del reglamento, referido al modo de constituci\u00f3n de la C\u00e1mara, estableciendo que el Senado no podr\u00e1 funcionar fuera del recinto \u201csalvo casos extraordinarios o&#8230;<\/p>\n","protected":false},"author":3,"featured_media":65126,"comment_status":"closed","ping_status":"closed","sticky":false,"template":"","format":"standard","meta":[],"categories":[15],"tags":[],"_links":{"self":[{"href":"https:\/\/www.actualidadadiario.com\/index.php\/wp-json\/wp\/v2\/posts\/65125"}],"collection":[{"href":"https:\/\/www.actualidadadiario.com\/index.php\/wp-json\/wp\/v2\/posts"}],"about":[{"href":"https:\/\/www.actualidadadiario.com\/index.php\/wp-json\/wp\/v2\/types\/post"}],"author":[{"embeddable":true,"href":"https:\/\/www.actualidadadiario.com\/index.php\/wp-json\/wp\/v2\/users\/3"}],"replies":[{"embeddable":true,"href":"https:\/\/www.actualidadadiario.com\/index.php\/wp-json\/wp\/v2\/comments?post=65125"}],"version-history":[{"count":1,"href":"https:\/\/www.actualidadadiario.com\/index.php\/wp-json\/wp\/v2\/posts\/65125\/revisions"}],"predecessor-version":[{"id":65127,"href":"https:\/\/www.actualidadadiario.com\/index.php\/wp-json\/wp\/v2\/posts\/65125\/revisions\/65127"}],"wp:featuredmedia":[{"embeddable":true,"href":"https:\/\/www.actualidadadiario.com\/index.php\/wp-json\/wp\/v2\/media\/65126"}],"wp:attachment":[{"href":"https:\/\/www.actualidadadiario.com\/index.php\/wp-json\/wp\/v2\/media?parent=65125"}],"wp:term":[{"taxonomy":"category","embeddable":true,"href":"https:\/\/www.actualidadadiario.com\/index.php\/wp-json\/wp\/v2\/categories?post=65125"},{"taxonomy":"post_tag","embeddable":true,"href":"https:\/\/www.actualidadadiario.com\/index.php\/wp-json\/wp\/v2\/tags?post=65125"}],"curies":[{"name":"wp","href":"https:\/\/api.w.org\/{rel}","templated":true}]}}