{"id":65122,"date":"2020-08-05T12:52:12","date_gmt":"2020-08-05T15:52:12","guid":{"rendered":"https:\/\/www.actualidadadiario.com\/?p=65122"},"modified":"2020-08-05T12:52:12","modified_gmt":"2020-08-05T15:52:12","slug":"unifican-acciones-para-proteger-a-los-trabajadores","status":"publish","type":"post","link":"https:\/\/www.actualidadadiario.com\/index.php\/2020\/08\/05\/unifican-acciones-para-proteger-a-los-trabajadores\/","title":{"rendered":"Unifican acciones para proteger a los trabajadores"},"content":{"rendered":"<p style=\"text-align: center;\"><em><strong>La Secretar\u00eda de Trabajo y la Administraci\u00f3n Nacional de la Seguridad Social (Anses) accionan en conjunto para que los trabajadores accedan a todos los derechos laborales y beneficios sociales que le corresponden<\/strong><\/em><\/p>\n<p>&nbsp;<\/p>\n<p>&nbsp;<\/p>\n<p>El secretario de Trabajo, \u00c1ngel Zacar\u00edas, se reuni\u00f3 con el gerente de la Unidades de Atenci\u00f3n Integral (UDAI) Paran\u00e1 I, Pablo Clementi, para coordinar una agenda com\u00fan que permita que los trabajadores accedan a los derechos laborales y a los beneficios sociales vigentes. Los organismos buscan reforzar el v\u00ednculo para optimizar la asistencia a trav\u00e9s de las herramientas que implementa Anses.<\/p>\n<p>Mientras se busca reactivar las actividades laborales y se contin\u00faa con las pol\u00edticas de protecci\u00f3n al empleo, la provincia trabaja con el Anses para que todos los trabajadores que han realizado convenios de desvinculaci\u00f3n accedan a la asignaci\u00f3n del fondo de desempleo. \u201cEl Estado acompa\u00f1a al trabajador, porque colabora con el pago de parte de los salarios de los trabajadores de las empresas afectadas por la pandemia, para que no se destruyan los v\u00ednculos laborales y para evitar la p\u00e9rdida de empleo, pero en el caso de que esto suceda, tambi\u00e9n brinda al trabajador una remuneraci\u00f3n proporcional\u201d, se\u00f1al\u00f3 Zacar\u00edas.<\/p>\n<p>Ante esta situaci\u00f3n, el funcionario destac\u00f3 el intercambio de informaci\u00f3n y la necesidad de establecer estrategias conjuntas con el organismo nacional para proteger a los trabajadores.<\/p>\n<p>Las medidas de asistencia tambi\u00e9n alcanzan a los trabajadores temporarios y al personal de Casas Particulares, donde se record\u00f3 que quienes tengan este tipo de trabajo registrado, no pierden las asignaciones familiares. \u201cLos trabajadores de la fruta, del ar\u00e1ndano y los que trabaja en casas de familia no pierden los beneficios sociales adquiridos, como la AUH, sino que se aseguran el cumplimento de un salario digno, aportes de seguridad social, seguro de vida, entre otros beneficios que establecen los convenios colectivos\u201d, record\u00f3 Zacar\u00edas.<\/p>\n<p>Durante la reuni\u00f3n, el director de Trabajo, Pablo Pagnone, tambi\u00e9n indic\u00f3 que para reforzar la difusi\u00f3n y promover el cumplimento de los derechos laborales y sociales, desde el \u00e1rea laboral, se realizan inspecciones laborales y de higiene y seguridad en todos los departamentos provinciales.<\/p>\n","protected":false},"excerpt":{"rendered":"<p>La Secretar\u00eda de Trabajo y la Administraci\u00f3n Nacional de la Seguridad Social (Anses) accionan en conjunto para que los trabajadores accedan a todos los derechos laborales y beneficios sociales que le corresponden &nbsp; &nbsp; El secretario de Trabajo, \u00c1ngel Zacar\u00edas, se reuni\u00f3 con el gerente de la Unidades de Atenci\u00f3n Integral (UDAI) Paran\u00e1 I, Pablo Clementi, para coordinar una agenda com\u00fan que permita que los trabajadores accedan a los derechos laborales y a los beneficios sociales vigentes. Los organismos buscan reforzar el v\u00ednculo para optimizar la asistencia a trav\u00e9s de&#8230;<\/p>\n","protected":false},"author":3,"featured_media":65123,"comment_status":"closed","ping_status":"closed","sticky":false,"template":"","format":"standard","meta":[],"categories":[15],"tags":[],"_links":{"self":[{"href":"https:\/\/www.actualidadadiario.com\/index.php\/wp-json\/wp\/v2\/posts\/65122"}],"collection":[{"href":"https:\/\/www.actualidadadiario.com\/index.php\/wp-json\/wp\/v2\/posts"}],"about":[{"href":"https:\/\/www.actualidadadiario.com\/index.php\/wp-json\/wp\/v2\/types\/post"}],"author":[{"embeddable":true,"href":"https:\/\/www.actualidadadiario.com\/index.php\/wp-json\/wp\/v2\/users\/3"}],"replies":[{"embeddable":true,"href":"https:\/\/www.actualidadadiario.com\/index.php\/wp-json\/wp\/v2\/comments?post=65122"}],"version-history":[{"count":1,"href":"https:\/\/www.actualidadadiario.com\/index.php\/wp-json\/wp\/v2\/posts\/65122\/revisions"}],"predecessor-version":[{"id":65124,"href":"https:\/\/www.actualidadadiario.com\/index.php\/wp-json\/wp\/v2\/posts\/65122\/revisions\/65124"}],"wp:featuredmedia":[{"embeddable":true,"href":"https:\/\/www.actualidadadiario.com\/index.php\/wp-json\/wp\/v2\/media\/65123"}],"wp:attachment":[{"href":"https:\/\/www.actualidadadiario.com\/index.php\/wp-json\/wp\/v2\/media?parent=65122"}],"wp:term":[{"taxonomy":"category","embeddable":true,"href":"https:\/\/www.actualidadadiario.com\/index.php\/wp-json\/wp\/v2\/categories?post=65122"},{"taxonomy":"post_tag","embeddable":true,"href":"https:\/\/www.actualidadadiario.com\/index.php\/wp-json\/wp\/v2\/tags?post=65122"}],"curies":[{"name":"wp","href":"https:\/\/api.w.org\/{rel}","templated":true}]}}