{"id":65119,"date":"2020-08-05T12:51:24","date_gmt":"2020-08-05T15:51:24","guid":{"rendered":"https:\/\/www.actualidadadiario.com\/?p=65119"},"modified":"2020-08-05T12:51:24","modified_gmt":"2020-08-05T15:51:24","slug":"el-gobierno-provincial-suma-obra-de-gas-natural-y-nuevas-viviendas-en-federal","status":"publish","type":"post","link":"https:\/\/www.actualidadadiario.com\/index.php\/2020\/08\/05\/el-gobierno-provincial-suma-obra-de-gas-natural-y-nuevas-viviendas-en-federal\/","title":{"rendered":"El gobierno provincial suma obra de gas natural y nuevas viviendas en Federal"},"content":{"rendered":"<p style=\"text-align: center;\"><em><strong>En representaci\u00f3n del gobernador Gustavo Bordet, la vicegobernadora Laura Stratta presenci\u00f3 virtualmente la apertura de sobres para ampliar la red de gas natural en Federal, en la que se invertir\u00e1n m\u00e1s de 36 millones de pesos. Posteriormente, se entregaron 16 viviendas del IAPV<\/strong><\/em><\/p>\n<p>&nbsp;<\/p>\n<p>&nbsp;<\/p>\n<p>\u201cQuiero dejarles el saludo del gobernador de la provincia. La idea era poder compartir, a trav\u00e9s de los recursos que nos da la tecnolog\u00eda, este momento pero \u00e9l est\u00e1 viajando a Buenos Aires, convocado por Presidencia de la Naci\u00f3n&#8221;, dijo la vicegobernadora que particip\u00f3, mediante teleconferencia, en la apertura de sobres de la licitaci\u00f3n para ampliar la red de distribuci\u00f3n de gas natural, realizada en el Sal\u00f3n Municipal de Cultura de Federal. En ese lugar estuvieron presentes la senadora provincial Nancy Miranda; el intendente local, Gerardo Chapino; el ministro de Planeamiento, Marcelo Richard; la secretaria de Energ\u00eda, Silvina Guerra, y el titular del Instituto Aut\u00e1rquico de Planeamiento y Vivienda (IAPV), Marcelo Bisogni.<\/p>\n<p>La ampliaci\u00f3n de la red de distribuci\u00f3n de gas natural, primera etapa, tiene un presupuesto de 36.356.307 pesos a marzo de 2020. La obra prev\u00e9 tender 10.370 metros de ca\u00f1er\u00edas, en un plazo de ejecuci\u00f3n de 150 d\u00edas corridos, para permitir la conexi\u00f3n al servicio de 750 familias aproximadamente.<\/p>\n<p>&#8220;Hemos participado de un momento muy especial para la comunidad de Federal como es la apertura de sobres de la ampliaci\u00f3n de la red de gas&#8221;, dijo la vicegobernadora al t\u00e9rmino de la teleconferencia. Tras ello indic\u00f3 que se trata de una &#8220;obra fundamental&#8221; para esa ciudad y destac\u00f3 \u201cel trabajo articulado entre el gobierno provincial, el municipio y la senadora Miranda para llevar respuestas integrales a las demandas que nos presenta la sociedad\u201d.<\/p>\n<p>Luego mencion\u00f3 que tambi\u00e9n se est\u00e1n por inaugurar en esa ciudad, &#8220;16 nuevas viviendas en el marco del programa Primero tu Casa que se ejecuta, a trav\u00e9s del IAPV, en un ciento por ciento con recursos provinciales&#8221;. A ello agreg\u00f3 que &#8220;hay proyectos que est\u00e1n en ejecuci\u00f3n, ya casi finalizados, como las lagunas de tratamiento, el nuevo centro c\u00edvico y la residencia del Copnaf, y otros que est\u00e1n a punto de licitarse como la escuela integradora Quir\u00f3z y lo que justamente rescataba en este contexto y en ese momento es que, pese al distanciamiento y la pandemia, seguimos haciendo&#8221;.<\/p>\n<p>Finalmente, Stratta resalt\u00f3 &#8220;la vocaci\u00f3n del gobernador Bordet de trabajar fuerte en el norte entrerriano, que no haya ciudades de primera y de segunda, sino obra p\u00fablica en cada rinc\u00f3n del territorio provincial, puesto que permite mejorar la calidad de vida, que es central, y generar puestos de trabajo en un contexto que es muy dif\u00edcil para la mayor\u00eda de los argentinos y las argentinas&#8221;.<\/p>\n<p>En la ocasi\u00f3n, el intendente Chapino dijo que &#8220;es un placer enorme poder estar en este momento, y con el apoyo del gobierno provincial, en la apertura de sobres de m\u00e1s de 10.000 metros de ampliaci\u00f3n de red de gas natural en la ciudad de Federal&#8221; y acot\u00f3 que &#8220;hac\u00eda much\u00edsimos a\u00f1os que no hab\u00eda una ampliaci\u00f3n de parte del gobierno provincial y ahora nuestro gobernador Gustavo Bordet, nuestra vicegobernadora Laura Stratta, hicieron posible esta obra&#8221;.<\/p>\n<p>&#8220;Y otro hecho trascendental es la entrega de 16 viviendas del programa Primero tu Casa del IAPV&#8221;, continu\u00f3 diciendo el jefe comunal, y acot\u00f3 que &#8220;es incre\u00edble la felicidad&#8221; de aquellos vecinos a los que se les adjudicaron las viviendas.<\/p>\n<p>&#8220;Ser parte de esto, poner el terreno para las viviendas, ser los gestores de ellas y tener el apoyo del IAPV y de nuestro gobernador, tambi\u00e9n es realmente placentero&#8221;, afirm\u00f3, al tiempo que coment\u00f3 que, junto a los funcionarios, visitar\u00e1n luego &#8220;la obra de lagunas cloacales, que se encuentra avanzada en un 85 por ciento y en los pr\u00f3ximos cuatro meses seguramente se estar\u00e1 inaugurando&#8221;.<\/p>\n<p>Finalmente, dijo que est\u00e1 pr\u00f3ximo &#8220;a inaugurarse una obra gestionada junto con la senadora Nancy Miranda que es el centro c\u00edvico de nuestra ciudad, construido en el ex hospital Justo Jos\u00e9 de Urquiza&#8221;, y agradeci\u00f3 &#8220;la confianza que deposita el gobierno provincial y todos los ministros en nosotros que somos herramientas desde nuestro pueblo y queremos responderle a nuestro pueblo&#8221;.<\/p>\n<p>A su turno, la senadora Nancy Miranda agradeci\u00f3 el acompa\u00f1amiento de los funcionarios presentes y de la vicegobernadora. Luego hizo referencia &#8220;a lo olvidado que estaba el norte entrerriano&#8221; y se\u00f1al\u00f3 que Gustavo Bordet desde su primera gesti\u00f3n &#8220;ha sido un gobernador presente en el departamento Federal pero no s\u00f3lo porque nos atiende, sino por ver la necesidad y la urgencia que tenemos de algunas obras como esta del gas, de la red cloacal que se est\u00e1 haciendo y otras que posibilitan a la gente tener una mejor calidad de vida&#8221;.<\/p>\n<p>Tambi\u00e9n destac\u00f3 la construcci\u00f3n de nuevas viviendas en Federal y mencion\u00f3 que hay &#8220;220 millones de pesos en obras, sin contar las viviendas&#8221;, al tiempo que agradeci\u00f3 al gobernador, a la vicegobernadora y a los funcionarios provinciales por todo el trabajo realizado.<\/p>\n","protected":false},"excerpt":{"rendered":"<p>En representaci\u00f3n del gobernador Gustavo Bordet, la vicegobernadora Laura Stratta presenci\u00f3 virtualmente la apertura de sobres para ampliar la red de gas natural en Federal, en la que se invertir\u00e1n m\u00e1s de 36 millones de pesos. Posteriormente, se entregaron 16 viviendas del IAPV &nbsp; &nbsp; \u201cQuiero dejarles el saludo del gobernador de la provincia. La idea era poder compartir, a trav\u00e9s de los recursos que nos da la tecnolog\u00eda, este momento pero \u00e9l est\u00e1 viajando a Buenos Aires, convocado por Presidencia de la Naci\u00f3n&#8221;, dijo la vicegobernadora que particip\u00f3, mediante&#8230;<\/p>\n","protected":false},"author":3,"featured_media":65120,"comment_status":"closed","ping_status":"closed","sticky":false,"template":"","format":"standard","meta":[],"categories":[15],"tags":[],"_links":{"self":[{"href":"https:\/\/www.actualidadadiario.com\/index.php\/wp-json\/wp\/v2\/posts\/65119"}],"collection":[{"href":"https:\/\/www.actualidadadiario.com\/index.php\/wp-json\/wp\/v2\/posts"}],"about":[{"href":"https:\/\/www.actualidadadiario.com\/index.php\/wp-json\/wp\/v2\/types\/post"}],"author":[{"embeddable":true,"href":"https:\/\/www.actualidadadiario.com\/index.php\/wp-json\/wp\/v2\/users\/3"}],"replies":[{"embeddable":true,"href":"https:\/\/www.actualidadadiario.com\/index.php\/wp-json\/wp\/v2\/comments?post=65119"}],"version-history":[{"count":1,"href":"https:\/\/www.actualidadadiario.com\/index.php\/wp-json\/wp\/v2\/posts\/65119\/revisions"}],"predecessor-version":[{"id":65121,"href":"https:\/\/www.actualidadadiario.com\/index.php\/wp-json\/wp\/v2\/posts\/65119\/revisions\/65121"}],"wp:featuredmedia":[{"embeddable":true,"href":"https:\/\/www.actualidadadiario.com\/index.php\/wp-json\/wp\/v2\/media\/65120"}],"wp:attachment":[{"href":"https:\/\/www.actualidadadiario.com\/index.php\/wp-json\/wp\/v2\/media?parent=65119"}],"wp:term":[{"taxonomy":"category","embeddable":true,"href":"https:\/\/www.actualidadadiario.com\/index.php\/wp-json\/wp\/v2\/categories?post=65119"},{"taxonomy":"post_tag","embeddable":true,"href":"https:\/\/www.actualidadadiario.com\/index.php\/wp-json\/wp\/v2\/tags?post=65119"}],"curies":[{"name":"wp","href":"https:\/\/api.w.org\/{rel}","templated":true}]}}