{"id":65117,"date":"2020-08-05T12:47:47","date_gmt":"2020-08-05T15:47:47","guid":{"rendered":"https:\/\/www.actualidadadiario.com\/?p=65117"},"modified":"2020-08-05T12:47:47","modified_gmt":"2020-08-05T15:47:47","slug":"entre-rios-tambien-refinancia-su-deuda-en-dolares","status":"publish","type":"post","link":"https:\/\/www.actualidadadiario.com\/index.php\/2020\/08\/05\/entre-rios-tambien-refinancia-su-deuda-en-dolares\/","title":{"rendered":"Entre R\u00edos tambi\u00e9n refinancia su deuda en d\u00f3lares"},"content":{"rendered":"<p style=\"text-align: center;\"><em><strong>A horas de que el ministro de Econom\u00eda de la Naci\u00f3n, Mart\u00edn Guzm\u00e1n, anunciara que la Argentina alcanz\u00f3 un acuerdo con los bonistas extranjeros sobre la deuda, la provincia de Entre R\u00edos hizo p\u00fablico su decisi\u00f3n de refinanciar sus cr\u00e9ditos en d\u00f3lares bajo legislaci\u00f3n extranjera. El s\u00e1bado 8 vencen u$s 22 millones del segundo pago de intereses de este a\u00f1o<\/strong><\/em><\/p>\n<p>&nbsp;<\/p>\n<p>&nbsp;<\/p>\n<p>\u201cComo consecuencia de la situaci\u00f3n econ\u00f3mico-financiera de los \u00faltimos a\u00f1os y en concordancia con los procesos iniciados por otras provincias, el gobierno de Entre R\u00edos inicia un proceso para restaurar la sostenibilidad de las cuentas p\u00fablicas, esperando alcanzar una reestructuraci\u00f3n de la Deuda emitida bajo ley extranjera en el a\u00f1o 2017, cuya primera amortizaci\u00f3n de capital tiene lugar en el a\u00f1o 2023\u201d, indica el documento de Econom\u00eda.<\/p>\n<p>El capital original de la deuda de Entre R\u00edos es de 500.000.000 d\u00f3lares estadounidenses, producto de su colocaci\u00f3n en dos series, una en el mes de Febrero y la otra en Noviembre, ambos del a\u00f1o 2017, a una tasa, o cup\u00f3n, de 8,75% anual, pagaderos semestralmente en los meses de febrero y agosto de cada a\u00f1o, hasta su cancelaci\u00f3n que opera luego del pago de tres amortizaciones anuales y consecutivas, en el mes de febrero de los a\u00f1os 2023, 2024 y 2025 (Bono ER25)).<\/p>\n<p>En el Ministerio de Econom\u00eda destacan que si bien la Provincia ha trabajado de manera \u201cexitosa y sostenida en optimizar su situaci\u00f3n\u201d, tales esfuerzos \u201cno vieron sus frutos debido a cuestiones ex\u00f3genas a su sacrificio, como son la baja del PBI en los \u00faltimos a\u00f1os, la inflaci\u00f3n y el tipo de cambio, que han distorsionado de manera muy significativa la relaci\u00f3n de ingresos corrientes expresados en d\u00f3lares y el stock de la deuda denominada en esa moneda\u201d.<\/p>\n<p>Se suma a \u00e9sto la declaraci\u00f3n de Emergencia P\u00fablica Sanitara dispuesta en la Argentina en este a\u00f1o y \u201csus connotaciones y el incremento de la inversi\u00f3n en salud y acci\u00f3n social, que no han hecho m\u00e1s que profundizar la tendencia desfavorable y generar resentimientos no solo econ\u00f3micos, sino que tambi\u00e9n financieros, a las arcas p\u00fablicas, incrementando los d\u00e9ficits y tornando de muy dif\u00edcil cumplimiento los compromisos internacionales asumidos\u201d.<\/p>\n<p>\u201cEste escenario similar al que se produjo en otras provincias argentinas que ya iniciaron los procesos para reestructurar sus deudas, llevo a evaluar en proyecci\u00f3n un panorama de renegociaci\u00f3n de las condiciones del T\u00edtulo de Deuda P\u00fablica Internacional ER25\u201d, indicaron en la cartera que conduce Hugo Ballay.<\/p>\n<p>Tales consideraciones ser\u00e1n tomadas como fundamento para el dictado de un acto administrativo por medio del cual el gobierno entrerriano \u201centiende conveniente disponer la refinanciaci\u00f3n de los t\u00edtulos p\u00fablicos internacionales ER25\u201d. Para ello se buscar\u00e1n \u201clas alternativas m\u00e1s convenientes a los intereses del Estado Provincial\u201d.<\/p>\n<p>En ese contexto, el Ministerio de Econom\u00eda, Hacienda y Finanzas de Entre R\u00edos encar\u00f3, bajo id\u00e9ntico procedimiento al de la emisi\u00f3n del Bono ER25, una convocatoria de los distintos estudios jur\u00eddicos y entidades que participaron en el Consorcio colocador de la emisi\u00f3n, para presentar propuestas como asesores de la Provincia en la tarea de reestructurar los bonos internacionales con un criterio de sostenibilidad de las cuentas p\u00fablicas.<\/p>\n<p>A resultas del mismo, el Banco HSBC Securities (USA) se desempe\u00f1ar\u00e1 como Asesor reestructurador, y la firma DLA Piper, actuar\u00e1 como asesor legal de la Provincia para la operatoria. El Ministerio de Econom\u00eda estar\u00e1 facultado para la negociaci\u00f3n de tales contrataciones y las dem\u00e1s que sean necesarias para llevar adelante la operatoria financiera.<\/p>\n","protected":false},"excerpt":{"rendered":"<p>A horas de que el ministro de Econom\u00eda de la Naci\u00f3n, Mart\u00edn Guzm\u00e1n, anunciara que la Argentina alcanz\u00f3 un acuerdo con los bonistas extranjeros sobre la deuda, la provincia de Entre R\u00edos hizo p\u00fablico su decisi\u00f3n de refinanciar sus cr\u00e9ditos en d\u00f3lares bajo legislaci\u00f3n extranjera. El s\u00e1bado 8 vencen u$s 22 millones del segundo pago de intereses de este a\u00f1o &nbsp; &nbsp; \u201cComo consecuencia de la situaci\u00f3n econ\u00f3mico-financiera de los \u00faltimos a\u00f1os y en concordancia con los procesos iniciados por otras provincias, el gobierno de Entre R\u00edos inicia un proceso&#8230;<\/p>\n","protected":false},"author":3,"featured_media":49745,"comment_status":"closed","ping_status":"closed","sticky":false,"template":"","format":"standard","meta":[],"categories":[15],"tags":[],"_links":{"self":[{"href":"https:\/\/www.actualidadadiario.com\/index.php\/wp-json\/wp\/v2\/posts\/65117"}],"collection":[{"href":"https:\/\/www.actualidadadiario.com\/index.php\/wp-json\/wp\/v2\/posts"}],"about":[{"href":"https:\/\/www.actualidadadiario.com\/index.php\/wp-json\/wp\/v2\/types\/post"}],"author":[{"embeddable":true,"href":"https:\/\/www.actualidadadiario.com\/index.php\/wp-json\/wp\/v2\/users\/3"}],"replies":[{"embeddable":true,"href":"https:\/\/www.actualidadadiario.com\/index.php\/wp-json\/wp\/v2\/comments?post=65117"}],"version-history":[{"count":1,"href":"https:\/\/www.actualidadadiario.com\/index.php\/wp-json\/wp\/v2\/posts\/65117\/revisions"}],"predecessor-version":[{"id":65118,"href":"https:\/\/www.actualidadadiario.com\/index.php\/wp-json\/wp\/v2\/posts\/65117\/revisions\/65118"}],"wp:featuredmedia":[{"embeddable":true,"href":"https:\/\/www.actualidadadiario.com\/index.php\/wp-json\/wp\/v2\/media\/49745"}],"wp:attachment":[{"href":"https:\/\/www.actualidadadiario.com\/index.php\/wp-json\/wp\/v2\/media?parent=65117"}],"wp:term":[{"taxonomy":"category","embeddable":true,"href":"https:\/\/www.actualidadadiario.com\/index.php\/wp-json\/wp\/v2\/categories?post=65117"},{"taxonomy":"post_tag","embeddable":true,"href":"https:\/\/www.actualidadadiario.com\/index.php\/wp-json\/wp\/v2\/tags?post=65117"}],"curies":[{"name":"wp","href":"https:\/\/api.w.org\/{rel}","templated":true}]}}