{"id":65114,"date":"2020-08-05T12:46:51","date_gmt":"2020-08-05T15:46:51","guid":{"rendered":"https:\/\/www.actualidadadiario.com\/?p=65114"},"modified":"2020-08-05T12:46:51","modified_gmt":"2020-08-05T15:46:51","slug":"la-provincia-busca-articular-el-plan-nacional-de-suelo-urbano-con-la-compania-entrerriana-de-tierras","status":"publish","type":"post","link":"https:\/\/www.actualidadadiario.com\/index.php\/2020\/08\/05\/la-provincia-busca-articular-el-plan-nacional-de-suelo-urbano-con-la-compania-entrerriana-de-tierras\/","title":{"rendered":"La provincia busca articular el Plan Nacional de Suelo Urbano con la Compa\u00f1\u00eda Entrerriana de Tierras"},"content":{"rendered":"<p style=\"text-align: center;\"><em><strong>El gobernador Gustavo Bordet se reuni\u00f3 con la ministra de Desarrollo Social y titular de la Compa\u00f1\u00eda de Tierras, Marisa Paira, y el escribano Mayor de Gobierno y s\u00edndico de la misma, Alejandro Santana, para delinear acciones sobre la implementaci\u00f3n del Plan Nacional de Suelo Urbano en la provincia<\/strong><\/em><\/p>\n<p>&nbsp;<\/p>\n<p>&nbsp;<\/p>\n<p>El encuentro desarrollado este martes, que se dio en el marco del cambio de autoridades de la Compa\u00f1\u00eda de Tierras, fue un primer acercamiento para revalorizar el trabajo que se ha realizado hasta el momento en materia de suelo, as\u00ed como avanzar en la confecci\u00f3n de acciones futuras tendientes a la ejecuci\u00f3n del Plan Nacional de Suelo Urbano que se impulsa desde el Ministerio de Desarrollo Territorial y H\u00e1bitat de la Naci\u00f3n, manteniendo el car\u00e1cter interministerial que conforman las diferentes aristas en la pol\u00edtica integral que lleva adelante la provincia en lo referido a la tem\u00e1tica.<\/p>\n<p>&#8220;Desde el gobierno provincial buscamos y analizamos las herramientas institucionales para aprovechar de la mejor manera las iniciativas nacionales, sobre todo en lo que es la producci\u00f3n de suelo urbano. De esta forma, nos preparamos para aprovechar y acompa\u00f1ar las acciones nacionales en esta materia&#8221;, manifest\u00f3 Paira.<\/p>\n<p>Asimismo, la ministra indic\u00f3: &#8220;Es decisi\u00f3n del gobernador aprovechar los recursos de gesti\u00f3n existentes para que se puedan canalizar las pol\u00edticas nacionales de promoci\u00f3n del suelo urbano que permitan mejorar la calidad de vida de los entrerrianos\u201d.<\/p>\n<p>&nbsp;<\/p>\n<p><strong>Detalles<\/strong><\/p>\n<p>La Compa\u00f1\u00eda de Tierras funciona en la provincia como una herramienta que tiene como fin facilitar los procesos de acceso al suelo como medio para facilitar el acceso a la vivienda, considerando esto como la base del desarrollo en t\u00e9rminos de familia, sociedad y localidad. En este sentido, el Estado asume el rol promotor y facilitador del proceso, promoviendo as\u00ed el crecimiento en diversas aristas. En base a estos conceptos, desde su creaci\u00f3n, la Compa\u00f1\u00eda, apunt\u00f3 a constituirse como una herramienta en el \u00e1mbito de las acciones que desarrolla el gobierno provincial para facilitar dicha concreci\u00f3n.<\/p>\n<p>En este sentido, se han desarrollado algunas experiencias concretas de producci\u00f3n de suelo urbano buscando genera alternativas a la oferta tradicional y constituy\u00e9ndose en una herramienta de articulaci\u00f3n con los gobiernos locales.<\/p>\n<p>&nbsp;<\/p>\n<p><strong>Sobre la Compa\u00f1\u00eda de Tierras<\/strong><\/p>\n<p>Es una empresa del Estado entrerriano que tiene como objeto facilitar el acceso a la tierra a la ciudadan\u00eda entrerriana, a fin de que \u00e9sta pueda construir en ella su vivienda. En pos de ello su objeto social la habilita a realizar operaciones de compra y venta de bienes inmuebles, realizaci\u00f3n de loteos, urbanizaciones, mejoramiento de espacios del h\u00e1bitat y regularizaci\u00f3n dominial.<\/p>\n<p>La comisi\u00f3n es presidida por la ministra de Desarrollo Social y est\u00e1 integrada por representantes del Instituto Aut\u00e1rquico de Planeamiento y Vivienda, del Ministerio de Planeamiento de la provincia y de la Escriban\u00eda Mayor de Gobierno.<\/p>\n","protected":false},"excerpt":{"rendered":"<p>El gobernador Gustavo Bordet se reuni\u00f3 con la ministra de Desarrollo Social y titular de la Compa\u00f1\u00eda de Tierras, Marisa Paira, y el escribano Mayor de Gobierno y s\u00edndico de la misma, Alejandro Santana, para delinear acciones sobre la implementaci\u00f3n del Plan Nacional de Suelo Urbano en la provincia &nbsp; &nbsp; El encuentro desarrollado este martes, que se dio en el marco del cambio de autoridades de la Compa\u00f1\u00eda de Tierras, fue un primer acercamiento para revalorizar el trabajo que se ha realizado hasta el momento en materia de suelo,&#8230;<\/p>\n","protected":false},"author":3,"featured_media":65115,"comment_status":"closed","ping_status":"closed","sticky":false,"template":"","format":"standard","meta":[],"categories":[9],"tags":[],"_links":{"self":[{"href":"https:\/\/www.actualidadadiario.com\/index.php\/wp-json\/wp\/v2\/posts\/65114"}],"collection":[{"href":"https:\/\/www.actualidadadiario.com\/index.php\/wp-json\/wp\/v2\/posts"}],"about":[{"href":"https:\/\/www.actualidadadiario.com\/index.php\/wp-json\/wp\/v2\/types\/post"}],"author":[{"embeddable":true,"href":"https:\/\/www.actualidadadiario.com\/index.php\/wp-json\/wp\/v2\/users\/3"}],"replies":[{"embeddable":true,"href":"https:\/\/www.actualidadadiario.com\/index.php\/wp-json\/wp\/v2\/comments?post=65114"}],"version-history":[{"count":1,"href":"https:\/\/www.actualidadadiario.com\/index.php\/wp-json\/wp\/v2\/posts\/65114\/revisions"}],"predecessor-version":[{"id":65116,"href":"https:\/\/www.actualidadadiario.com\/index.php\/wp-json\/wp\/v2\/posts\/65114\/revisions\/65116"}],"wp:featuredmedia":[{"embeddable":true,"href":"https:\/\/www.actualidadadiario.com\/index.php\/wp-json\/wp\/v2\/media\/65115"}],"wp:attachment":[{"href":"https:\/\/www.actualidadadiario.com\/index.php\/wp-json\/wp\/v2\/media?parent=65114"}],"wp:term":[{"taxonomy":"category","embeddable":true,"href":"https:\/\/www.actualidadadiario.com\/index.php\/wp-json\/wp\/v2\/categories?post=65114"},{"taxonomy":"post_tag","embeddable":true,"href":"https:\/\/www.actualidadadiario.com\/index.php\/wp-json\/wp\/v2\/tags?post=65114"}],"curies":[{"name":"wp","href":"https:\/\/api.w.org\/{rel}","templated":true}]}}