{"id":65111,"date":"2020-08-05T12:45:50","date_gmt":"2020-08-05T15:45:50","guid":{"rendered":"https:\/\/www.actualidadadiario.com\/?p=65111"},"modified":"2020-08-05T12:45:50","modified_gmt":"2020-08-05T15:45:50","slug":"alberto-analizo-con-bordet-medidas-para-reactivar-economia","status":"publish","type":"post","link":"https:\/\/www.actualidadadiario.com\/index.php\/2020\/08\/05\/alberto-analizo-con-bordet-medidas-para-reactivar-economia\/","title":{"rendered":"Alberto analiz\u00f3 con Bordet medidas para reactivar econom\u00eda"},"content":{"rendered":"<p style=\"text-align: center;\"><em><strong>&#8220;El acuerdo por la deuda representa un horizonte de estabilidad y esperanza para la Argentina&#8221;, destac\u00f3 el gobernador entrerriano Gustavo Bordet tras el encuentro con el Presidente, con agenda postpandemia. All\u00ed analizaron el proceso de reestructuraci\u00f3n de la deuda provincial por u$s 500 M presentado este martes<\/strong><\/em><\/p>\n<p>&nbsp;<\/p>\n<p>En el marco de un encuentro privado en la Residencia de Olivos, Alberto Fern\u00e1ndez analiz\u00f3 este martes junto al gobernador de Entre R\u00edos, el peronista Gustavo Bordet, el escenario econ\u00f3mico y social tras el acuerdo alcanzado con los principales acreedores externos para reestructurar la deuda.<\/p>\n<p>\u201cEl acuerdo alcanzado para la reestructuraci\u00f3n de la deuda representa un horizonte de estabilidad y esperanza para la Argentina. Una vez m\u00e1s, nuestro Presidente prioriza el crecimiento y la inclusi\u00f3n para el desarrollo soberano y equitativo\u201d, enfatiz\u00f3 Bordet tras la reuni\u00f3n.<\/p>\n<p>El mandatario adem\u00e1s destac\u00f3 el trabajo del ministro de Econom\u00eda, Mart\u00edn Guzm\u00e1n, \u201cpara llegar a este acuerdo estrat\u00e9gico\u201d. \u201cLa reestructuraci\u00f3n de la deuda le permitir\u00e1 al pa\u00eds aplicar las pol\u00edticas necesarias para reactivar la econom\u00eda afectada fuertemente por la pandemia\u201d, remarc\u00f3.<\/p>\n<p>En el encuentro analizaron las implicancias del entendimiento con los acreedores nacionales. \u201cLos beneficios ser\u00e1n m\u00faltiples, primero porque el pa\u00eds recupera autonom\u00eda en sus decisiones e influye estabilizando algunas de las principales variables macroecon\u00f3micas que condicionan cualquier proyecto de desarrollo, y segundo porque libera recursos que ser\u00e1n aplicados a pol\u00edticas de reactivaci\u00f3n de la econom\u00eda tan afectada por la pandemia\u201d, enfatiz\u00f3 Bordet.<\/p>\n<p>En ese sentido, el gobernador puso de relieve el relanzamiento del programa Procrear, que el Presidente llev\u00f3 adelante este martes junto a la ministra de Desarrollo Territorial y H\u00e1bitat, Mar\u00eda Eugenia Bielsa, y la directora Ejecutiva de la Anses, Fernanda Raverta.<\/p>\n<p>\u201cProcrear es una pol\u00edtica central para el desarrollo; representa una decisi\u00f3n estrat\u00e9gica del Estado nacional que viene a dar respuesta al gran d\u00e9ficit habitacional, creando un c\u00edrculo virtuoso de inversi\u00f3n y empleo. Es un paso firme para reactivar la econom\u00eda pospandemia\u201d, afirm\u00f3 Bordet.<\/p>\n<p>En ese marco, adelant\u00f3: \u201cDesde Entre R\u00edos vamos a estar trabajando junto a los equipos de Presidencia para facilitar la implementaci\u00f3n del Procrear en la provincia y reactivar las obras que quedaron abandonadas por el gobierno anterior en los \u00faltimos cuatro a\u00f1os. Muchos entrerrianos est\u00e1n a la espera de poder contar con su casa propia y, como dijo nuestro Presidente, esa es la deuda que debemos empezar a saldar ahora\u201d.<\/p>\n<p>Por otra parte, Bordet cont\u00f3 que abordaron con Fern\u00e1ndez \u201cla reestructuraci\u00f3n de la deuda provincial que empezamos a llevar adelante para lograr sostenibilidad ante el severo impacto que la crisis de los \u00faltimos a\u00f1os y su agudizaci\u00f3n con los efectos de la pandemia\u201d. La iniciativa fue presentada este martes en la provincia, con el sello del ministro de Econom\u00eda local, Hugo Ballay.<\/p>\n<p>\u201cEntre R\u00edos mantiene actualmente una deuda de 500 millones de d\u00f3lares que contrajimos en 2017 a una tasa que en aquel momento era beneficiosa para la provincia. La contrataci\u00f3n de este empr\u00e9stito permiti\u00f3 no s\u00f3lo equilibrar una serie de variables macroecon\u00f3micas para la provincia sino llevar adelante un programa de obras p\u00fablicas estrat\u00e9gicas en los \u00faltimos a\u00f1os\u201d, resalt\u00f3.<\/p>\n<p>Sin embargo, destac\u00f3 que \u201ca pesar de que la provincia mejor\u00f3 su participaci\u00f3n en las exportaciones nacionales, no escapa a la realidad de la econom\u00eda del pa\u00eds que viene sufriendo una ca\u00edda en los \u00faltimos a\u00f1os acentuada gravemente por la pandemia&#8221;. &#8220;Ello nos lleva a actuar con responsabilidad y empezar el camino del di\u00e1logo con los acreedores externos para dar sostenibilidad a la deuda provincial; de eso estuvimos hablando con el Presidente, quien se mostr\u00f3 muy atento y receptivo a este camino que seguiremos trabajando con el Ministerio de Econom\u00eda de la Naci\u00f3n\u201d, explic\u00f3.<\/p>\n<p>Por \u00faltimo, Bordet subray\u00f3 que \u201choy los argentinos contamos con un Gobierno nacional que cuida y protege el inter\u00e9s del conjunto del pa\u00eds, que apuesta a la inversi\u00f3n productiva y a la generaci\u00f3n de empleo como bases para el desarrollo inclusivo, que busca fortalecer y reactivar la econom\u00eda de cara a la pospandemia y que lo hace cumpliendo con la palabra empe\u00f1ada que, como dijo el Presidente, es el principal activo en la pol\u00edtica\u201d.<\/p>\n","protected":false},"excerpt":{"rendered":"<p>&#8220;El acuerdo por la deuda representa un horizonte de estabilidad y esperanza para la Argentina&#8221;, destac\u00f3 el gobernador entrerriano Gustavo Bordet tras el encuentro con el Presidente, con agenda postpandemia. All\u00ed analizaron el proceso de reestructuraci\u00f3n de la deuda provincial por u$s 500 M presentado este martes &nbsp; En el marco de un encuentro privado en la Residencia de Olivos, Alberto Fern\u00e1ndez analiz\u00f3 este martes junto al gobernador de Entre R\u00edos, el peronista Gustavo Bordet, el escenario econ\u00f3mico y social tras el acuerdo alcanzado con los principales acreedores externos para&#8230;<\/p>\n","protected":false},"author":3,"featured_media":65112,"comment_status":"closed","ping_status":"closed","sticky":false,"template":"","format":"standard","meta":[],"categories":[9],"tags":[],"_links":{"self":[{"href":"https:\/\/www.actualidadadiario.com\/index.php\/wp-json\/wp\/v2\/posts\/65111"}],"collection":[{"href":"https:\/\/www.actualidadadiario.com\/index.php\/wp-json\/wp\/v2\/posts"}],"about":[{"href":"https:\/\/www.actualidadadiario.com\/index.php\/wp-json\/wp\/v2\/types\/post"}],"author":[{"embeddable":true,"href":"https:\/\/www.actualidadadiario.com\/index.php\/wp-json\/wp\/v2\/users\/3"}],"replies":[{"embeddable":true,"href":"https:\/\/www.actualidadadiario.com\/index.php\/wp-json\/wp\/v2\/comments?post=65111"}],"version-history":[{"count":1,"href":"https:\/\/www.actualidadadiario.com\/index.php\/wp-json\/wp\/v2\/posts\/65111\/revisions"}],"predecessor-version":[{"id":65113,"href":"https:\/\/www.actualidadadiario.com\/index.php\/wp-json\/wp\/v2\/posts\/65111\/revisions\/65113"}],"wp:featuredmedia":[{"embeddable":true,"href":"https:\/\/www.actualidadadiario.com\/index.php\/wp-json\/wp\/v2\/media\/65112"}],"wp:attachment":[{"href":"https:\/\/www.actualidadadiario.com\/index.php\/wp-json\/wp\/v2\/media?parent=65111"}],"wp:term":[{"taxonomy":"category","embeddable":true,"href":"https:\/\/www.actualidadadiario.com\/index.php\/wp-json\/wp\/v2\/categories?post=65111"},{"taxonomy":"post_tag","embeddable":true,"href":"https:\/\/www.actualidadadiario.com\/index.php\/wp-json\/wp\/v2\/tags?post=65111"}],"curies":[{"name":"wp","href":"https:\/\/api.w.org\/{rel}","templated":true}]}}