{"id":65107,"date":"2020-08-04T14:04:42","date_gmt":"2020-08-04T17:04:42","guid":{"rendered":"https:\/\/www.actualidadadiario.com\/?p=65107"},"modified":"2020-08-04T14:04:42","modified_gmt":"2020-08-04T17:04:42","slug":"procrear-alberto-relanzara-el-programa-con-una-inversion-de-25-000-millones","status":"publish","type":"post","link":"https:\/\/www.actualidadadiario.com\/index.php\/2020\/08\/04\/procrear-alberto-relanzara-el-programa-con-una-inversion-de-25-000-millones\/","title":{"rendered":"Procrear: Alberto relanzar\u00e1 el programa con una inversi\u00f3n de $25.000 millones"},"content":{"rendered":"<p style=\"text-align: center;\"><em><strong>Mediante 9 l\u00edneas se construir\u00e1n 14 mil viviendas, se otorgar\u00e1n 273 mil cr\u00e9ditos para refacci\u00f3n y ampliaci\u00f3n, y ser\u00e1n adjudicados 10 mil nuevos lotes con servicios en todo el pa\u00eds<\/strong><\/em><\/p>\n<p>&nbsp;<\/p>\n<p>&nbsp;<\/p>\n<p>El presidente Alberto Fern\u00e1ndez relanzar\u00e1 este martes el plan Procrear, que prev\u00e9 una inversi\u00f3n de $25.000 millones en nueve l\u00edneas de cr\u00e9ditos, con el objetivo de &#8220;reactivar la actividad y reducir el d\u00e9ficit habitacional&#8221;, se inform\u00f3 oficialmente.<\/p>\n<p>Fern\u00e1ndez encabezar\u00e1 la presentaci\u00f3n, que se realizar\u00e1 desde las 11.30 en la residencia de Olivos.<\/p>\n<p>Participar\u00e1n, entre otros funcionarios, la ministra de Desarrollo Territorial y H\u00e1bitat, Mar\u00eda Eugenia Bielsa, y la directora Ejecutiva de la Anses, Fernanda Raverta.<\/p>\n<p>Las l\u00edneas de cr\u00e9dito previstas estar\u00e1n orientadas a la construcci\u00f3n, ampliaci\u00f3n y refacci\u00f3n de viviendas, con el objetivo de &#8220;reactivar la actividad y reducir el d\u00e9ficit habitacional&#8221;, informaron fuentes oficiales.<\/p>\n<p>&nbsp;<\/p>\n<p><strong>Los cr\u00e9ditos<\/strong><\/p>\n<p>Con el nuevo plan Procrear prev\u00e9n construir 14 mil viviendas, otorgar 273 mil cr\u00e9ditos para refaccionar o ampliar propiedades y adjudicar 10 mil nuevos lotes con servicios en todo el pa\u00eds, a trav\u00e9s de una inversi\u00f3n de 25.000 millones de pesos durante 2020.<\/p>\n<p>De acuerdo con lo indicado por fuentes oficiales, mediante 9 l\u00edneas se construir\u00e1n 14 mil viviendas, se otorgar\u00e1n 273 mil cr\u00e9ditos para refacci\u00f3n y ampliaci\u00f3n, y ser\u00e1n adjudicados 10 mil nuevos lotes con servicios en todo el pa\u00eds.<\/p>\n<p>En este caso, Procrear incluir\u00e1 9 l\u00edneas que abarcan desde la adquisici\u00f3n de viviendas y el otorgamiento de cr\u00e9ditos para acceder a lotes con servicios a pr\u00e9stamos que permitan comprar materiales de construcci\u00f3n y contratar mano de obra para realizar refacciones en casas ya habitadas.<\/p>\n<p>El Gobierno nacional busca recuperar y dar un nuevo impulso a una iniciativa federal que, siguiendo sus objetivos originales de 2012, busca reafirmar el rol del Estado en pol\u00edticas de planificaci\u00f3n urbana y de uso del suelo inclusivas.<\/p>\n<p>El objetivo del programa es dinamizar la industria de la construcci\u00f3n y no est\u00e1 previsto el otorgamiento de cr\u00e9ditos para la compra de viviendas ya levantadas.<\/p>\n<p>Con el lanzamiento del plan, estar\u00e1n abiertas dos l\u00edneas del programa, que son las destinadas a las reformas: microcr\u00e9ditos de $50.000 para peque\u00f1as mejoras (tanto para propietarios como para inquilinos) y otros de $100.000, $250.000 y $500.000 para refacciones.<\/p>\n<p>Tambi\u00e9n est\u00e1 prevista la ampliaci\u00f3n del rango de salarios m\u00ednimos para participar del programa oficial: habr\u00e1 cuatro segmentos de ingresos que van desde 0,5 salarios m\u00ednimos (cerca de $8.500) -para acceder a los microcr\u00e9ditos para peque\u00f1as mejoras- hasta 4,5 salarios (casi $76.000).<\/p>\n<p>En el acto se llevar\u00e1 a cabo la entrega de 11.000 viviendas del programa que quedaron sin terminar y la construcci\u00f3n de unas 34.000 viviendas para los pr\u00f3ximos a\u00f1os.<\/p>\n<p>El Plan Procrear se complementar\u00e1 con un programa para acceder al terreno. Seg\u00fan estimaciones privadas, en el pa\u00eds m\u00e1s de 3,5 millones de familias -alrededor de un tercio de la poblaci\u00f3n- no tiene acceso a una vivienda adecuada.<\/p>\n","protected":false},"excerpt":{"rendered":"<p>Mediante 9 l\u00edneas se construir\u00e1n 14 mil viviendas, se otorgar\u00e1n 273 mil cr\u00e9ditos para refacci\u00f3n y ampliaci\u00f3n, y ser\u00e1n adjudicados 10 mil nuevos lotes con servicios en todo el pa\u00eds &nbsp; &nbsp; El presidente Alberto Fern\u00e1ndez relanzar\u00e1 este martes el plan Procrear, que prev\u00e9 una inversi\u00f3n de $25.000 millones en nueve l\u00edneas de cr\u00e9ditos, con el objetivo de &#8220;reactivar la actividad y reducir el d\u00e9ficit habitacional&#8221;, se inform\u00f3 oficialmente. Fern\u00e1ndez encabezar\u00e1 la presentaci\u00f3n, que se realizar\u00e1 desde las 11.30 en la residencia de Olivos. Participar\u00e1n, entre otros funcionarios, la ministra&#8230;<\/p>\n","protected":false},"author":3,"featured_media":65108,"comment_status":"closed","ping_status":"closed","sticky":false,"template":"","format":"standard","meta":[],"categories":[9],"tags":[],"_links":{"self":[{"href":"https:\/\/www.actualidadadiario.com\/index.php\/wp-json\/wp\/v2\/posts\/65107"}],"collection":[{"href":"https:\/\/www.actualidadadiario.com\/index.php\/wp-json\/wp\/v2\/posts"}],"about":[{"href":"https:\/\/www.actualidadadiario.com\/index.php\/wp-json\/wp\/v2\/types\/post"}],"author":[{"embeddable":true,"href":"https:\/\/www.actualidadadiario.com\/index.php\/wp-json\/wp\/v2\/users\/3"}],"replies":[{"embeddable":true,"href":"https:\/\/www.actualidadadiario.com\/index.php\/wp-json\/wp\/v2\/comments?post=65107"}],"version-history":[{"count":1,"href":"https:\/\/www.actualidadadiario.com\/index.php\/wp-json\/wp\/v2\/posts\/65107\/revisions"}],"predecessor-version":[{"id":65109,"href":"https:\/\/www.actualidadadiario.com\/index.php\/wp-json\/wp\/v2\/posts\/65107\/revisions\/65109"}],"wp:featuredmedia":[{"embeddable":true,"href":"https:\/\/www.actualidadadiario.com\/index.php\/wp-json\/wp\/v2\/media\/65108"}],"wp:attachment":[{"href":"https:\/\/www.actualidadadiario.com\/index.php\/wp-json\/wp\/v2\/media?parent=65107"}],"wp:term":[{"taxonomy":"category","embeddable":true,"href":"https:\/\/www.actualidadadiario.com\/index.php\/wp-json\/wp\/v2\/categories?post=65107"},{"taxonomy":"post_tag","embeddable":true,"href":"https:\/\/www.actualidadadiario.com\/index.php\/wp-json\/wp\/v2\/tags?post=65107"}],"curies":[{"name":"wp","href":"https:\/\/api.w.org\/{rel}","templated":true}]}}