{"id":65104,"date":"2020-08-04T14:00:46","date_gmt":"2020-08-04T17:00:46","guid":{"rendered":"https:\/\/www.actualidadadiario.com\/?p=65104"},"modified":"2020-08-04T14:00:46","modified_gmt":"2020-08-04T17:00:46","slug":"alemania-ya-vive-una-segunda-ola-de-coronavirus-advierten-expertos","status":"publish","type":"post","link":"https:\/\/www.actualidadadiario.com\/index.php\/2020\/08\/04\/alemania-ya-vive-una-segunda-ola-de-coronavirus-advierten-expertos\/","title":{"rendered":"Alemania ya vive una segunda ola de coronavirus, advierten expertos"},"content":{"rendered":"<p style=\"text-align: center;\"><em><strong>El pa\u00eds registra el mayor repunte de contagios de Covid-19 en tres meses, mientras crece el movimiento contra las medidas restrictivas<\/strong><\/em><\/p>\n<p>&nbsp;<\/p>\n<p>&nbsp;<\/p>\n<p>Una asociaci\u00f3n m\u00e9dica de Alemania alert\u00f3 este martes que el pa\u00eds ya est\u00e1 atravesando una segunda ola de infecciones de coronavirus y advirti\u00f3 del peligro que implica malograr los &#8220;\u00e9xitos&#8221; conseguidos negando la realidad, en medio del mayor repunte de casos en tres meses.<\/p>\n<p>&#8220;Ya estamos en una segunda oleada de infecciones&#8221;, alert\u00f3 la directora de la asociaci\u00f3n m\u00e9dica Marburger Bund, Susanne Johna, en una entrevista publicada por el diario alem\u00e1n Augsburger Allgemeine.<\/p>\n<p>Las declaraciones llegan despu\u00e9s de varios d\u00edas consecutivos de aumento de los casos de coronavirus, algo que puso en alerta a los pol\u00edticos y expertos alemanes que llamaron a los ciudadanos a adherirse a las medidas preventivas de manera estricta.<\/p>\n<p>El s\u00e1bado pasado, Alemania registr\u00f3 955 casos de coronavirus en un d\u00eda, su mayor incremento desde el 9 de mayo.<\/p>\n<p>El repunte se enmarca en un resurgimiento general del coronavirus en varios pa\u00edses de Europa, que ya hab\u00eda superado su primera ola de contagios, incluyendo Espa\u00f1a, Francia, Reino Unido, B\u00e9lgica y Polonia, entre otros.<\/p>\n<p>&#8220;Existe el peligro de que podamos arriesgar los \u00e9xitos que hemos logrado hasta ahora en Alemania debido a una combinaci\u00f3n de bloqueo de la realidad y un anhelo de normalidad&#8221;, evalu\u00f3 Johna en la entrevista.<\/p>\n<p>&#8220;Todos anhelamos la normalidad. Pero seguimos viviendo en una situaci\u00f3n que simplemente no es normal&#8221;, se\u00f1al\u00f3 la experta.<\/p>\n<p>No obstante, los expertos creen que el sistema hospitalario alem\u00e1n est\u00e1 preparado para enfrentar un aumento de casos de coronavirus, dado que en los \u00faltimos meses se ampli\u00f3 la capacidad de las unidades de terapia intensiva.<\/p>\n<p>Seg\u00fan los \u00faltimos datos de las autoridades sanitarias, en las \u00faltimas 24 horas se contabilizaron 879 nuevos contagios de coronavirus, de manera que la cifra de casos activos se sit\u00faa en unos 8.100.<\/p>\n<p>En tanto, el n\u00famero de muertos se sit\u00faa en 9.156, ocho m\u00e1s respecto al d\u00eda anterior.<\/p>\n<p>La cifra total de positivos desde que se diera a conocer el primer caso de contagio de coronavirus en Alemania, el 27 de enero, asciende a 211.281.<\/p>\n<p>Pese al alerta por el aumento del n\u00famero de casos, el s\u00e1bado decenas de miles de personas salieron a las calles de Berl\u00edn convocados por organizaciones de ultraderecha y antivacunas para repudiar las medidas restrictivas tomadas por las autoridades para contener el virus.<\/p>\n","protected":false},"excerpt":{"rendered":"<p>El pa\u00eds registra el mayor repunte de contagios de Covid-19 en tres meses, mientras crece el movimiento contra las medidas restrictivas &nbsp; &nbsp; Una asociaci\u00f3n m\u00e9dica de Alemania alert\u00f3 este martes que el pa\u00eds ya est\u00e1 atravesando una segunda ola de infecciones de coronavirus y advirti\u00f3 del peligro que implica malograr los &#8220;\u00e9xitos&#8221; conseguidos negando la realidad, en medio del mayor repunte de casos en tres meses. &#8220;Ya estamos en una segunda oleada de infecciones&#8221;, alert\u00f3 la directora de la asociaci\u00f3n m\u00e9dica Marburger Bund, Susanne Johna, en una entrevista publicada&#8230;<\/p>\n","protected":false},"author":3,"featured_media":65105,"comment_status":"closed","ping_status":"closed","sticky":false,"template":"","format":"standard","meta":[],"categories":[4],"tags":[],"_links":{"self":[{"href":"https:\/\/www.actualidadadiario.com\/index.php\/wp-json\/wp\/v2\/posts\/65104"}],"collection":[{"href":"https:\/\/www.actualidadadiario.com\/index.php\/wp-json\/wp\/v2\/posts"}],"about":[{"href":"https:\/\/www.actualidadadiario.com\/index.php\/wp-json\/wp\/v2\/types\/post"}],"author":[{"embeddable":true,"href":"https:\/\/www.actualidadadiario.com\/index.php\/wp-json\/wp\/v2\/users\/3"}],"replies":[{"embeddable":true,"href":"https:\/\/www.actualidadadiario.com\/index.php\/wp-json\/wp\/v2\/comments?post=65104"}],"version-history":[{"count":1,"href":"https:\/\/www.actualidadadiario.com\/index.php\/wp-json\/wp\/v2\/posts\/65104\/revisions"}],"predecessor-version":[{"id":65106,"href":"https:\/\/www.actualidadadiario.com\/index.php\/wp-json\/wp\/v2\/posts\/65104\/revisions\/65106"}],"wp:featuredmedia":[{"embeddable":true,"href":"https:\/\/www.actualidadadiario.com\/index.php\/wp-json\/wp\/v2\/media\/65105"}],"wp:attachment":[{"href":"https:\/\/www.actualidadadiario.com\/index.php\/wp-json\/wp\/v2\/media?parent=65104"}],"wp:term":[{"taxonomy":"category","embeddable":true,"href":"https:\/\/www.actualidadadiario.com\/index.php\/wp-json\/wp\/v2\/categories?post=65104"},{"taxonomy":"post_tag","embeddable":true,"href":"https:\/\/www.actualidadadiario.com\/index.php\/wp-json\/wp\/v2\/tags?post=65104"}],"curies":[{"name":"wp","href":"https:\/\/api.w.org\/{rel}","templated":true}]}}