{"id":65098,"date":"2020-08-04T13:58:20","date_gmt":"2020-08-04T16:58:20","guid":{"rendered":"https:\/\/www.actualidadadiario.com\/?p=65098"},"modified":"2020-08-04T13:58:20","modified_gmt":"2020-08-04T16:58:20","slug":"la-onu-advierte-por-catastrofe-generacional-en-educacion-tras-pandemia-de-coronavirus","status":"publish","type":"post","link":"https:\/\/www.actualidadadiario.com\/index.php\/2020\/08\/04\/la-onu-advierte-por-catastrofe-generacional-en-educacion-tras-pandemia-de-coronavirus\/","title":{"rendered":"La ONU advierte por &#8220;cat\u00e1strofe generacional&#8221; en educaci\u00f3n tras pandemia de coronavirus"},"content":{"rendered":"<p style=\"text-align: center;\"><em><strong>El Secretario General de Naciones Unidas sostuvo que el mundo enfrenta una &#8220;cat\u00e1strofe generacional&#8221; a causa del cierre de escuelas. Ant\u00f3nio Guterres dijo que la pandemia puede &#8220;exacerbar las desigualdades arraigadas&#8221;<\/strong><\/em><\/p>\n<p>&nbsp;<\/p>\n<p>&nbsp;<\/p>\n<p>El Secretario General de Naciones Unidas advirti\u00f3 que el mundo enfrenta una &#8220;cat\u00e1strofe generacional&#8221; a causa del cierre de escuelas en medio de la pandemia de coronavirus, y dijo que llevar a los estudiantes de regreso a clases de forma segura debe ser &#8220;una prioridad&#8221;.<\/p>\n<p>Ant\u00f3nio Guterres se\u00f1al\u00f3 que a mediados de julio las escuelas estaban cerradas en cerca de 160 naciones, afectando a m\u00e1s de 1.000 millones de estudiantes, y que al menos 40 millones de ni\u00f1os no han tenido educaci\u00f3n preescolar.<\/p>\n<p>Esas ausencias se suman a los m\u00e1s de 250 millones de menores que ya no iban a clases antes del inicio de la pandemia y que s\u00f3lo un cuarto de los alumnos de secundaria en pa\u00edses en v\u00edas de desarrollo egresan con competencias b\u00e1sicas, dijo en un comunicado emitido por video.<\/p>\n<p>&#8220;Ahora nos enfrentamos a una cat\u00e1strofe generacional que podr\u00eda desperdiciar un potencial humano incalculable, minar d\u00e9cadas de progreso y exacerbar las desigualdades arraigadas&#8221;, dijo Guterres en el lanzamiento de la campa\u00f1a &#8220;Salvar Nuestro Futuro&#8221;.<\/p>\n<p>&#8220;Una vez que la transmisi\u00f3n local del Covid-19 est\u00e9 controlada, devolver a los alumnos a la escuela y las instituciones de ense\u00f1anza de la manera m\u00e1s segura posible debe ser una de las prioridades fundamentales&#8221;.<\/p>\n<p>&#8220;Es fundamental consultar a los progenitores, los cuidadores, el personal docente y los j\u00f3venes&#8221;.<\/p>\n","protected":false},"excerpt":{"rendered":"<p>El Secretario General de Naciones Unidas sostuvo que el mundo enfrenta una &#8220;cat\u00e1strofe generacional&#8221; a causa del cierre de escuelas. Ant\u00f3nio Guterres dijo que la pandemia puede &#8220;exacerbar las desigualdades arraigadas&#8221; &nbsp; &nbsp; El Secretario General de Naciones Unidas advirti\u00f3 que el mundo enfrenta una &#8220;cat\u00e1strofe generacional&#8221; a causa del cierre de escuelas en medio de la pandemia de coronavirus, y dijo que llevar a los estudiantes de regreso a clases de forma segura debe ser &#8220;una prioridad&#8221;. Ant\u00f3nio Guterres se\u00f1al\u00f3 que a mediados de julio las escuelas estaban cerradas&#8230;<\/p>\n","protected":false},"author":3,"featured_media":65099,"comment_status":"closed","ping_status":"closed","sticky":false,"template":"","format":"standard","meta":[],"categories":[4],"tags":[],"_links":{"self":[{"href":"https:\/\/www.actualidadadiario.com\/index.php\/wp-json\/wp\/v2\/posts\/65098"}],"collection":[{"href":"https:\/\/www.actualidadadiario.com\/index.php\/wp-json\/wp\/v2\/posts"}],"about":[{"href":"https:\/\/www.actualidadadiario.com\/index.php\/wp-json\/wp\/v2\/types\/post"}],"author":[{"embeddable":true,"href":"https:\/\/www.actualidadadiario.com\/index.php\/wp-json\/wp\/v2\/users\/3"}],"replies":[{"embeddable":true,"href":"https:\/\/www.actualidadadiario.com\/index.php\/wp-json\/wp\/v2\/comments?post=65098"}],"version-history":[{"count":1,"href":"https:\/\/www.actualidadadiario.com\/index.php\/wp-json\/wp\/v2\/posts\/65098\/revisions"}],"predecessor-version":[{"id":65100,"href":"https:\/\/www.actualidadadiario.com\/index.php\/wp-json\/wp\/v2\/posts\/65098\/revisions\/65100"}],"wp:featuredmedia":[{"embeddable":true,"href":"https:\/\/www.actualidadadiario.com\/index.php\/wp-json\/wp\/v2\/media\/65099"}],"wp:attachment":[{"href":"https:\/\/www.actualidadadiario.com\/index.php\/wp-json\/wp\/v2\/media?parent=65098"}],"wp:term":[{"taxonomy":"category","embeddable":true,"href":"https:\/\/www.actualidadadiario.com\/index.php\/wp-json\/wp\/v2\/categories?post=65098"},{"taxonomy":"post_tag","embeddable":true,"href":"https:\/\/www.actualidadadiario.com\/index.php\/wp-json\/wp\/v2\/tags?post=65098"}],"curies":[{"name":"wp","href":"https:\/\/api.w.org\/{rel}","templated":true}]}}