{"id":65095,"date":"2020-08-04T13:57:32","date_gmt":"2020-08-04T16:57:32","guid":{"rendered":"https:\/\/www.actualidadadiario.com\/?p=65095"},"modified":"2020-08-04T13:57:32","modified_gmt":"2020-08-04T16:57:32","slug":"coronavirus-america-latina-supero-los-5-millones-de-casos","status":"publish","type":"post","link":"https:\/\/www.actualidadadiario.com\/index.php\/2020\/08\/04\/coronavirus-america-latina-supero-los-5-millones-de-casos\/","title":{"rendered":"Coronavirus: Am\u00e9rica Latina super\u00f3 los 5 millones de casos"},"content":{"rendered":"<p style=\"text-align: center;\"><em><strong>La progresi\u00f3n del Covid-19 no se detiene en la regi\u00f3n y varios pa\u00edses a\u00fan no llegaron al pico de la enfermedad<\/strong><\/em><\/p>\n<p>&nbsp;<\/p>\n<p>&nbsp;<\/p>\n<p>Am\u00e9rica Latina y el Caribe superaron los cinco millones de casos de coronavirus, en momentos en que la progresi\u00f3n de la enfermedad parece imparable en esa regi\u00f3n que contiene a uno de los pa\u00edses con mayor n\u00famero de muertos, Brasil.<\/p>\n<p>La pandemia de coronavirus contin\u00faa afectando a los sistemas sanitarios de todo el mundo, como en Brasil, donde puso de relieve la falta de financiaci\u00f3n y la mala gesti\u00f3n que padecen muchos de sus 210 millones de habitantes.<\/p>\n<p>El gigante sudamericano, con casi 95.000 muertos, es el pa\u00eds m\u00e1s afectado de Am\u00e9rica Latina, donde la pandemia sigue avanzando. Junto con el Caribe, superaron el lunes los cinco millones de casos y los 203.000 decesos.<\/p>\n<p>M\u00e9xico, con 128 millones de habitantes, es el segundo pa\u00eds m\u00e1s afectado de la regi\u00f3n, con 443.813 casos confirmados y 48.012 defunciones. Per\u00fa, con una poblaci\u00f3n de 32 millones, se ubica tercero con 428.850 contagios y 19.614 muertos por Covid-19.<\/p>\n<p>La pandemia no se detiene a lo largo y ancho del continente americano. En Estados Unidos, el pa\u00eds m\u00e1s afectado del mundo por la epidemia, m\u00e1s de 46.000 nuevos casos fueron registrados en 24 horas, lo que lleva a 4,7 millones el n\u00famero de contaminaciones, con m\u00e1s de 155.000 muertos.<\/p>\n<p>Desde su aparici\u00f3n en China en diciembre, m\u00e1s de 18 millones de personas en el mundo se contagiaron de coronavirus y casi 695.000 murieron.<\/p>\n<p>En Ginebra, el director general de la Organizaci\u00f3n Mundial de la Salud (OMS), Tedros Adhanom Ghebreyesus, advirti\u00f3 del riego de una pandemia muy larga. &#8220;No hay soluci\u00f3n y quiz\u00e1s nunca la haya&#8221;, advirti\u00f3 el lunes en una videoconferencia.<\/p>\n","protected":false},"excerpt":{"rendered":"<p>La progresi\u00f3n del Covid-19 no se detiene en la regi\u00f3n y varios pa\u00edses a\u00fan no llegaron al pico de la enfermedad &nbsp; &nbsp; Am\u00e9rica Latina y el Caribe superaron los cinco millones de casos de coronavirus, en momentos en que la progresi\u00f3n de la enfermedad parece imparable en esa regi\u00f3n que contiene a uno de los pa\u00edses con mayor n\u00famero de muertos, Brasil. La pandemia de coronavirus contin\u00faa afectando a los sistemas sanitarios de todo el mundo, como en Brasil, donde puso de relieve la falta de financiaci\u00f3n y la&#8230;<\/p>\n","protected":false},"author":3,"featured_media":65096,"comment_status":"closed","ping_status":"closed","sticky":false,"template":"","format":"standard","meta":[],"categories":[4],"tags":[],"_links":{"self":[{"href":"https:\/\/www.actualidadadiario.com\/index.php\/wp-json\/wp\/v2\/posts\/65095"}],"collection":[{"href":"https:\/\/www.actualidadadiario.com\/index.php\/wp-json\/wp\/v2\/posts"}],"about":[{"href":"https:\/\/www.actualidadadiario.com\/index.php\/wp-json\/wp\/v2\/types\/post"}],"author":[{"embeddable":true,"href":"https:\/\/www.actualidadadiario.com\/index.php\/wp-json\/wp\/v2\/users\/3"}],"replies":[{"embeddable":true,"href":"https:\/\/www.actualidadadiario.com\/index.php\/wp-json\/wp\/v2\/comments?post=65095"}],"version-history":[{"count":1,"href":"https:\/\/www.actualidadadiario.com\/index.php\/wp-json\/wp\/v2\/posts\/65095\/revisions"}],"predecessor-version":[{"id":65097,"href":"https:\/\/www.actualidadadiario.com\/index.php\/wp-json\/wp\/v2\/posts\/65095\/revisions\/65097"}],"wp:featuredmedia":[{"embeddable":true,"href":"https:\/\/www.actualidadadiario.com\/index.php\/wp-json\/wp\/v2\/media\/65096"}],"wp:attachment":[{"href":"https:\/\/www.actualidadadiario.com\/index.php\/wp-json\/wp\/v2\/media?parent=65095"}],"wp:term":[{"taxonomy":"category","embeddable":true,"href":"https:\/\/www.actualidadadiario.com\/index.php\/wp-json\/wp\/v2\/categories?post=65095"},{"taxonomy":"post_tag","embeddable":true,"href":"https:\/\/www.actualidadadiario.com\/index.php\/wp-json\/wp\/v2\/tags?post=65095"}],"curies":[{"name":"wp","href":"https:\/\/api.w.org\/{rel}","templated":true}]}}