{"id":65089,"date":"2020-08-04T13:55:57","date_gmt":"2020-08-04T16:55:57","guid":{"rendered":"https:\/\/www.actualidadadiario.com\/?p=65089"},"modified":"2020-08-04T13:55:57","modified_gmt":"2020-08-04T16:55:57","slug":"en-pandemia-y-sin-el-chavo","status":"publish","type":"post","link":"https:\/\/www.actualidadadiario.com\/index.php\/2020\/08\/04\/en-pandemia-y-sin-el-chavo\/","title":{"rendered":"En pandemia y sin El Chavo"},"content":{"rendered":"<p style=\"text-align: center;\"><em><strong>La sorpresiva medida despert\u00f3 duras cr\u00edticas de la familia de Roberto G\u00f3mez Bola\u00f1os al grupo Televisa. Es el resultado de una disputa por los derechos intelectuales de las creaciones del m\u00edtico humorista mexicano. De esta manera se interrumpen 40 a\u00f1os de presencia ininterrumpida en la televisi\u00f3n argentina<\/strong><\/em><\/p>\n<p>&nbsp;<\/p>\n<p>&nbsp;<\/p>\n<p>Tras su impactante aparici\u00f3n en las pantallas argentinas a principios de la d\u00e9cada del `80, con un gran despliegue promocional que incluy\u00f3 revistas de historietas, juguetes, golosinas y figuritas, &#8220;El Chavo&#8221;, la popular telecomedia mexicana, se ausentar\u00e1 por primera vez de la grilla ante la decisi\u00f3n de Televisa de cancelar su emisi\u00f3n en toda Am\u00e9rica Latina.<\/p>\n<p>La decisi\u00f3n fue adoptada tras fallidas negociaciones con los familiares de Roberto G\u00f3mez Bola\u00f1os, conocido como Chespirito, creador y cabecilla de la troupe que divirti\u00f3 a varias generaciones.<\/p>\n<p>Por supuesto que la cancelaci\u00f3n incluye a otros sketches protagonizados por muchos de los personajes surgidos de la imaginaci\u00f3n de su creador como el caso de &#8220;El Chapul\u00edn Colorado&#8221;, &#8220;El Doctor Chapat\u00edn&#8221; y &#8220;Los Chifladitos&#8221;.<\/p>\n<p>A pesar del paso de los a\u00f1os y de aquel furor inicial, que provoc\u00f3 la visita de toda la troupe y de muchos de sus personajes en solitario cuando dejaron de ser parte del elenco, &#8220;El Chavo&#8221; a\u00fan era parte de la pantalla de Canal 9 durante los fines de semana.<\/p>\n<p>El enlatado adem\u00e1s era un recurso frecuente para cubrir espacios cada vez que se generaba alg\u00fan &#8220;hueco&#8221; en la programaci\u00f3n, debido a que garantizaba aceptables niveles de audiencia.<\/p>\n<p>Ocurre que este ciclo logr\u00f3 colarse en el coraz\u00f3n de los argentinos con su desopilante galer\u00eda de personajes y sus repetitivos pero no por eso poco eficientes gags.<\/p>\n<p>La inocencia de su protagonista, los caprichos de Quico, las travesuras de La Chilindrina, los artilugios de Don Ram\u00f3n para no pagar la renta y evitar cualquier trabajo formal, los coqueteos de la Bruja del 71 y las \u00ednfulas de Do\u00f1a Florinda, son algunos de los rasgos que marcaron el pulso de esta famosa serie.<\/p>\n<p>&#8220;Aunque tristes por la decisi\u00f3n, mi familia y yo esperamos que pronto est\u00e9 Chespirito en las pantallas del mundo. Seguiremos insistiendo, y estoy seguro que lo lograremos&#8221;, escribi\u00f3 en Twittter Roberto G\u00f3mez Fer\u00e1n, hijo del fallecido actor.<\/p>\n<p>&#8220;Es una pena que quien m\u00e1s se benefici\u00f3 de los programas de Chespirito hoy afirme que ya no valen nada. A sus hijos nos dej\u00f3 su cultura, su amor, su ejemplo, su estilo. Esa riqueza no se puede cuantificar. Los intereses econ\u00f3micos no est\u00e1n en la familia&#8221;, public\u00f3, por su parte, su hija Cristina G\u00f3mez.<\/p>\n<p>En tanto, Florinda Mesa, la actriz que encarn\u00f3 a Do\u00f1a Florinda y a la Popis, entre otros personajes, y \u00faltima esposa del comediante, tambi\u00e9n lament\u00f3 la cancelaci\u00f3n, a pesar de no haber sido parte de las negociaciones.<\/p>\n<p>&#8220;Aunque no tengo nada que ver porque inexplicablemente no he sido convocada a las negociaciones, creo que justo ahora, cuando el mundo m\u00e1s necesita diversi\u00f3n, hacer eso es una agresi\u00f3n hacia la gente&#8221;, sentenci\u00f3.<\/p>\n","protected":false},"excerpt":{"rendered":"<p>La sorpresiva medida despert\u00f3 duras cr\u00edticas de la familia de Roberto G\u00f3mez Bola\u00f1os al grupo Televisa. Es el resultado de una disputa por los derechos intelectuales de las creaciones del m\u00edtico humorista mexicano. De esta manera se interrumpen 40 a\u00f1os de presencia ininterrumpida en la televisi\u00f3n argentina &nbsp; &nbsp; Tras su impactante aparici\u00f3n en las pantallas argentinas a principios de la d\u00e9cada del `80, con un gran despliegue promocional que incluy\u00f3 revistas de historietas, juguetes, golosinas y figuritas, &#8220;El Chavo&#8221;, la popular telecomedia mexicana, se ausentar\u00e1 por primera vez de&#8230;<\/p>\n","protected":false},"author":3,"featured_media":65090,"comment_status":"closed","ping_status":"closed","sticky":false,"template":"","format":"standard","meta":[],"categories":[4],"tags":[],"_links":{"self":[{"href":"https:\/\/www.actualidadadiario.com\/index.php\/wp-json\/wp\/v2\/posts\/65089"}],"collection":[{"href":"https:\/\/www.actualidadadiario.com\/index.php\/wp-json\/wp\/v2\/posts"}],"about":[{"href":"https:\/\/www.actualidadadiario.com\/index.php\/wp-json\/wp\/v2\/types\/post"}],"author":[{"embeddable":true,"href":"https:\/\/www.actualidadadiario.com\/index.php\/wp-json\/wp\/v2\/users\/3"}],"replies":[{"embeddable":true,"href":"https:\/\/www.actualidadadiario.com\/index.php\/wp-json\/wp\/v2\/comments?post=65089"}],"version-history":[{"count":1,"href":"https:\/\/www.actualidadadiario.com\/index.php\/wp-json\/wp\/v2\/posts\/65089\/revisions"}],"predecessor-version":[{"id":65091,"href":"https:\/\/www.actualidadadiario.com\/index.php\/wp-json\/wp\/v2\/posts\/65089\/revisions\/65091"}],"wp:featuredmedia":[{"embeddable":true,"href":"https:\/\/www.actualidadadiario.com\/index.php\/wp-json\/wp\/v2\/media\/65090"}],"wp:attachment":[{"href":"https:\/\/www.actualidadadiario.com\/index.php\/wp-json\/wp\/v2\/media?parent=65089"}],"wp:term":[{"taxonomy":"category","embeddable":true,"href":"https:\/\/www.actualidadadiario.com\/index.php\/wp-json\/wp\/v2\/categories?post=65089"},{"taxonomy":"post_tag","embeddable":true,"href":"https:\/\/www.actualidadadiario.com\/index.php\/wp-json\/wp\/v2\/tags?post=65089"}],"curies":[{"name":"wp","href":"https:\/\/api.w.org\/{rel}","templated":true}]}}