{"id":65087,"date":"2020-08-04T13:55:06","date_gmt":"2020-08-04T16:55:06","guid":{"rendered":"https:\/\/www.actualidadadiario.com\/?p=65087"},"modified":"2020-08-04T13:55:06","modified_gmt":"2020-08-04T16:55:06","slug":"diputados-tratara-la-ampliacion-del-presupuesto-y-reestructuracion-de-deuda","status":"publish","type":"post","link":"https:\/\/www.actualidadadiario.com\/index.php\/2020\/08\/04\/diputados-tratara-la-ampliacion-del-presupuesto-y-reestructuracion-de-deuda\/","title":{"rendered":"Diputados tratar\u00e1 la ampliaci\u00f3n del presupuesto y reestructuraci\u00f3n de deuda"},"content":{"rendered":"<p style=\"text-align: center;\"><em><strong>La C\u00e1mara de Diputados tratar\u00e1 este martes en sesi\u00f3n especial, la ampliaci\u00f3n del presupuesto por casi $ 1,9 bill\u00f3n y convertir en ley el proyecto de reestructuraci\u00f3n de la deuda emitida bajo legislaci\u00f3n argentina<\/strong><\/em><\/p>\n<p>&nbsp;<\/p>\n<p>&nbsp;<\/p>\n<p>La C\u00e1mara de Diputados buscar\u00e1 aprobar este martes, en una sesi\u00f3n especial, la ampliaci\u00f3n del presupuesto por casi $ 1,9 bill\u00f3n y convertir en ley el proyecto de reestructuraci\u00f3n de la deuda emitida bajo legislaci\u00f3n argentina, que esta tarde obtuvo dictamen un\u00e1nime en un plenario de comisiones.<\/p>\n<p>La sesi\u00f3n que se llevar\u00e1 a cabo ma\u00f1ana a las 14 fue acordada por el presidente de la C\u00e1mara baja, Sergio Massa, el viernes pasado, para poder tratar tambi\u00e9n el proyecto de reestructuraci\u00f3n de deuda que el d\u00eda anterior obtuvo sanci\u00f3n en el Senado.<\/p>\n<p>En ese sentido, un plenario de las comisiones de Presupuesto y Hacienda y de Finanzas debati\u00f3 hoy la reeestructuraci\u00f3n de la deuda emitida bajo la legislaci\u00f3n nacional y emiti\u00f3 el dictamen de manera un\u00e1nime con el respaldo de los principales bloques.<\/p>\n<p>En el marco de una breve reuni\u00f3n que se extendi\u00f3 por espacio de algo m\u00e1s de una hora, el presidente de la comisi\u00f3n de Presupuesto, Carlos Heller (Frente de Todos), dijo que &#8220;se est\u00e1 avanzando de manera correcta en la restructuraci\u00f3n de la deuda global, por eso pedimos el acompa\u00f1amiento de todas las fuerzas pol\u00edticas, para dejar el sendero de sostenibilidad que plante\u00f3 el ministro (de Econom\u00eda) Mart\u00edn Guzm\u00e1n&#8221;.<\/p>\n<p>&#8220;Es muy bueno este apoyo, que no solo lo necesita el gobierno sino la Rep\u00fablica Argentina&#8221;, agreg\u00f3 Heller.<\/p>\n<p>En tanto, la presidenta de la comisi\u00f3n de Finanzas, Fernanda Vallejos, asegur\u00f3 que &#8220;lo primero que hay que valorar es que el canje es positivo para la Argentina, que nos otorga un mejor margen de maniobra para lidiar con la crisis actual, pero tambi\u00e9n para la reconstrucci\u00f3n de nuestra econom\u00eda&#8221;.<\/p>\n<p>En nombre de Juntos por el Cambio, el vicepresidente de la comisi\u00f3n de Presupuesto, Luciano Laspina (PRO), expres\u00f3 &#8220;el acompa\u00f1amiento al dictamen en l\u00ednea con el trabajo realizado en el Senado y en la sanci\u00f3n de febrero pasado en lo referido a dar las herramientas para la reestructuraci\u00f3n de la deuda&#8221;.<\/p>\n<p>Por el interbloque Federal, en tanto, el lavagnista Jorge Sarghini dijo que &#8220;es altamente positivo poder aprobar \u00e9ste proyecto que tiene media sanci\u00f3n del Senado, desde el momento que le da un tratamiento equitativo -a los acreedores-&#8221; y que &#8220;es fundamental para cuando la econom\u00eda comience a tomar cierta normalidad, sobre todo para el sector privado&#8221;.<\/p>\n<p>Previo a ese encuentro, el Frente de Todos se reuni\u00f3, en forma virtual, con el ministro Guzm\u00e1n, con quien acordaron eliminar el art\u00edculo referido al IVA a la leche que est\u00e1 contemplado en el proyecto de ampliaci\u00f3n presupuestaria, que ser\u00e1 incluido en el futuro en un proyecto de reforma tributaria.<\/p>\n<p>En la reuni\u00f3n que cont\u00f3 con la participaci\u00f3n de Massa y del jefe del bloque oficialista, M\u00e1ximo Kirchner, el ministro brind\u00f3 detalles del proyecto sobre reestructuraci\u00f3n de la deuda, emitidos bajo legislaci\u00f3n local.<\/p>\n<p>La realizaci\u00f3n de este encuentro con el bloque oficialista motiv\u00f3 el reclamo del radical Alejandro Cacace, quien se\u00f1al\u00f3 que &#8220;hubiera sido bueno que Guzm\u00e1n o alg\u00fan otro funcionario tambi\u00e9n nos informara a los bloques opositores sobre los detalles del proyecto&#8221;.<\/p>\n<p>Seg\u00fan la iniciativa, los tenedores de los T\u00edtulos Elegibles que no adhieran a la invitaci\u00f3n a canjear continuar\u00e1n con sus pagos diferidos hasta el 31 de diciembre del a\u00f1o pr\u00f3ximo, en el marco del plan que se encuentra actualmente vigente.<\/p>\n<p>Un informe publicado por la Oficina de Presupuesto del Congreso de la Naci\u00f3n, explica que el proyecto para la reestructuraci\u00f3n de u$s 41.717 millones de t\u00edtulos en d\u00f3lares emitidos bajo legislaci\u00f3n argentina implica el alivio en pagos por casi u$s 20.000 millones hasta 2030.<\/p>\n<p>Tambi\u00e9n se votar\u00e1 ma\u00f1ana el proyecto de ampliaci\u00f3n del presupuesto que autoriza al Gobierno a ampliar las erogaciones por un monto cercano a $ 1,9 bill\u00f3n, con lo que la proyecci\u00f3n total de gastos para 2020 superar\u00eda los $7,3 billones, con un incremento del 33%.<\/p>\n<p>El objetivo es solventar programas sociales y laborales con el fin de paliar la crisis econ\u00f3mica derivada de la pandemia de coronavirus.<\/p>\n<p>La ampliaci\u00f3n de los gastos se financiar\u00e1 en parte con recursos de recaudaci\u00f3n de impuestos por $ 642.844 millones y el resto con las rentas del Banco Central y uso de fuentes financieras, con lo cual el d\u00e9ficit ser\u00e1 de 1.216.738.000 pesos.<\/p>\n<p>Uno de los temas que mayores controversias dispar\u00f3 entre los legisladores del Frente de Todos y la oposici\u00f3n -tanto Juntos por el Cambio como en los diputados de Consenso Federal- es el art\u00edculo s\u00e9ptimo en el que se autoriza la emisi\u00f3n de t\u00edtulos en d\u00f3lares para canjear por bonos en pesos.<\/p>\n<p>El proyecto contempla reforzar los recursos del ministerio de Desarrollo Social en $ 55.324,7 millones para la asistencia alimentaria, y las de la cartera de Desarrollo Productivo en 215 mil millones de pesos.<\/p>\n<p>Tambi\u00e9n se destinar\u00e1n a la Anses 90.000 millones para el pago del IFE y 80.000 millones para el Programa ATP.<\/p>\n<p>Adem\u00e1s se ampliar\u00e1 en 50 mil millones de pesos el Programa de Emergencia Financiera Provincia creada en abril, para atender la emergencia como consecuencia de la pandemia.<\/p>\n","protected":false},"excerpt":{"rendered":"<p>La C\u00e1mara de Diputados tratar\u00e1 este martes en sesi\u00f3n especial, la ampliaci\u00f3n del presupuesto por casi $ 1,9 bill\u00f3n y convertir en ley el proyecto de reestructuraci\u00f3n de la deuda emitida bajo legislaci\u00f3n argentina &nbsp; &nbsp; La C\u00e1mara de Diputados buscar\u00e1 aprobar este martes, en una sesi\u00f3n especial, la ampliaci\u00f3n del presupuesto por casi $ 1,9 bill\u00f3n y convertir en ley el proyecto de reestructuraci\u00f3n de la deuda emitida bajo legislaci\u00f3n argentina, que esta tarde obtuvo dictamen un\u00e1nime en un plenario de comisiones. La sesi\u00f3n que se llevar\u00e1 a cabo&#8230;<\/p>\n","protected":false},"author":3,"featured_media":63480,"comment_status":"closed","ping_status":"closed","sticky":false,"template":"","format":"standard","meta":[],"categories":[18],"tags":[],"_links":{"self":[{"href":"https:\/\/www.actualidadadiario.com\/index.php\/wp-json\/wp\/v2\/posts\/65087"}],"collection":[{"href":"https:\/\/www.actualidadadiario.com\/index.php\/wp-json\/wp\/v2\/posts"}],"about":[{"href":"https:\/\/www.actualidadadiario.com\/index.php\/wp-json\/wp\/v2\/types\/post"}],"author":[{"embeddable":true,"href":"https:\/\/www.actualidadadiario.com\/index.php\/wp-json\/wp\/v2\/users\/3"}],"replies":[{"embeddable":true,"href":"https:\/\/www.actualidadadiario.com\/index.php\/wp-json\/wp\/v2\/comments?post=65087"}],"version-history":[{"count":1,"href":"https:\/\/www.actualidadadiario.com\/index.php\/wp-json\/wp\/v2\/posts\/65087\/revisions"}],"predecessor-version":[{"id":65088,"href":"https:\/\/www.actualidadadiario.com\/index.php\/wp-json\/wp\/v2\/posts\/65087\/revisions\/65088"}],"wp:featuredmedia":[{"embeddable":true,"href":"https:\/\/www.actualidadadiario.com\/index.php\/wp-json\/wp\/v2\/media\/63480"}],"wp:attachment":[{"href":"https:\/\/www.actualidadadiario.com\/index.php\/wp-json\/wp\/v2\/media?parent=65087"}],"wp:term":[{"taxonomy":"category","embeddable":true,"href":"https:\/\/www.actualidadadiario.com\/index.php\/wp-json\/wp\/v2\/categories?post=65087"},{"taxonomy":"post_tag","embeddable":true,"href":"https:\/\/www.actualidadadiario.com\/index.php\/wp-json\/wp\/v2\/tags?post=65087"}],"curies":[{"name":"wp","href":"https:\/\/api.w.org\/{rel}","templated":true}]}}