{"id":65085,"date":"2020-08-04T13:54:15","date_gmt":"2020-08-04T16:54:15","guid":{"rendered":"https:\/\/www.actualidadadiario.com\/?p=65085"},"modified":"2020-08-04T13:54:15","modified_gmt":"2020-08-04T16:54:15","slug":"el-senado-comienza-a-debatir-la-reforma-judicial","status":"publish","type":"post","link":"https:\/\/www.actualidadadiario.com\/index.php\/2020\/08\/04\/el-senado-comienza-a-debatir-la-reforma-judicial\/","title":{"rendered":"El Senado comienza a debatir la reforma judicial"},"content":{"rendered":"<p style=\"text-align: center;\"><em><strong>Las comisiones de Asuntos Constitucionales y de Justicia y Asuntos Penales se reunir\u00e1n a partir de las 16:00 por videoconferencia para escuchar la exposici\u00f3n de ministra de Justicia y Derechos Humanos sobre el proyecto de ley que ingres\u00f3 la semana pasada al Congreso<\/strong><\/em><\/p>\n<p>&nbsp;<\/p>\n<p>&nbsp;<\/p>\n<p>El proyecto de reforma judicial presentado por el Gobierno comenzar\u00e1 a ser debatido este martes en el Senado, con la presencia de la ministra de Justicia y Derechos Humanos, Marcela Losardo. La funcionaria inaugurar\u00e1 las audiencias que continuar\u00e1n durante las pr\u00f3ximas semanas.<\/p>\n<p>Las comisiones de Asuntos Constitucionales y de Justicia y Asuntos Penales se reunir\u00e1n a partir de las 16:00 por videoconferencia para escuchar la exposici\u00f3n de Losardo sobre el proyecto de ley que ingres\u00f3 la semana pasada al Congreso.<\/p>\n<p>La intenci\u00f3n del oficialismo y de la oposici\u00f3n es agrandar el debate con la presencia de especialistas convocados por ambas bancadas para llegar a la firma del dictamen que podr\u00eda hacerse en la tercera semana de agosto. De ese modo, la idea ser\u00eda que el proyecto llegue al recinto de sesiones antes de septiembre, para que a partir de ese mes pueda ser debatido en la C\u00e1mara de Diputados.<\/p>\n<p>El Frente de Todos, que goza de una holgada mayor\u00eda en el Senado, conf\u00eda en poder avanzar hacia la aprobaci\u00f3n del proyecto en pocas semanas, pero se espera un debate intenso con Juntos por el Cambio, que ya adelant\u00f3 su rechazo cerrado a la iniciativa.<\/p>\n<p>Desde el interbloque de Juntos por el Cambio anticiparon que se opon\u00edan a la propuesta del Ejecutivo a trav\u00e9s de un comunicado que difundieron este lunes. En el documento calificaron la decisi\u00f3n como una &#8220;desconexi\u00f3n de lo que deber\u00edan ser las prioridades del gobierno en el actual escenario&#8221;.<\/p>\n<p>&#8220;Eso no tiene otra explicaci\u00f3n que la puesta en marcha de un plan de impunidad para las causas de corrupci\u00f3n que afectan a integrantes del oficialismo&#8221;, se\u00f1ala el documento.<\/p>\n<p>Si bien el oficialismo podr\u00eda aprobar el proyecto con bastante celeridad y sin cambios, vali\u00e9ndose de la mayor\u00eda que ostenta, el tr\u00e1mite podr\u00eda trabarse en la C\u00e1mara de Diputados, donde los n\u00fameros est\u00e1n mucho m\u00e1s ajustados.<\/p>\n<p>Las comisiones donde se discutir\u00e1 la iniciativa est\u00e1n presididas por los referentes del kirchnerismo, Mar\u00eda de los \u00c1ngeles Sacnun y Oscar Parrilli, e integradas por dirigentes de las dos bancadas m\u00e1s grandes.<\/p>\n<p>A figuras del Frente de Todos como Anabel Fern\u00e1ndez Sagasti, Mariano Recalde y Adolfo Rodr\u00edguez Sa\u00e1 se suman referentes de peso de Juntos por el Cambio como Luis Naidenoff (jefe del interbloque), Laura Rodr\u00edguez Machado y Silvia El\u00edas de P\u00e9rez.<\/p>\n<p>El proyecto que present\u00f3 el Presidente la semana pasada tiene entre sus objetivos principales unificar y duplicar los juzgados federales y designar un consejo de notables para que asesore al Poder Ejecutivo sobre el funcionamiento del sistema.<\/p>\n","protected":false},"excerpt":{"rendered":"<p>Las comisiones de Asuntos Constitucionales y de Justicia y Asuntos Penales se reunir\u00e1n a partir de las 16:00 por videoconferencia para escuchar la exposici\u00f3n de ministra de Justicia y Derechos Humanos sobre el proyecto de ley que ingres\u00f3 la semana pasada al Congreso &nbsp; &nbsp; El proyecto de reforma judicial presentado por el Gobierno comenzar\u00e1 a ser debatido este martes en el Senado, con la presencia de la ministra de Justicia y Derechos Humanos, Marcela Losardo. La funcionaria inaugurar\u00e1 las audiencias que continuar\u00e1n durante las pr\u00f3ximas semanas. Las comisiones de&#8230;<\/p>\n","protected":false},"author":3,"featured_media":63310,"comment_status":"closed","ping_status":"closed","sticky":false,"template":"","format":"standard","meta":[],"categories":[18],"tags":[],"_links":{"self":[{"href":"https:\/\/www.actualidadadiario.com\/index.php\/wp-json\/wp\/v2\/posts\/65085"}],"collection":[{"href":"https:\/\/www.actualidadadiario.com\/index.php\/wp-json\/wp\/v2\/posts"}],"about":[{"href":"https:\/\/www.actualidadadiario.com\/index.php\/wp-json\/wp\/v2\/types\/post"}],"author":[{"embeddable":true,"href":"https:\/\/www.actualidadadiario.com\/index.php\/wp-json\/wp\/v2\/users\/3"}],"replies":[{"embeddable":true,"href":"https:\/\/www.actualidadadiario.com\/index.php\/wp-json\/wp\/v2\/comments?post=65085"}],"version-history":[{"count":1,"href":"https:\/\/www.actualidadadiario.com\/index.php\/wp-json\/wp\/v2\/posts\/65085\/revisions"}],"predecessor-version":[{"id":65086,"href":"https:\/\/www.actualidadadiario.com\/index.php\/wp-json\/wp\/v2\/posts\/65085\/revisions\/65086"}],"wp:featuredmedia":[{"embeddable":true,"href":"https:\/\/www.actualidadadiario.com\/index.php\/wp-json\/wp\/v2\/media\/63310"}],"wp:attachment":[{"href":"https:\/\/www.actualidadadiario.com\/index.php\/wp-json\/wp\/v2\/media?parent=65085"}],"wp:term":[{"taxonomy":"category","embeddable":true,"href":"https:\/\/www.actualidadadiario.com\/index.php\/wp-json\/wp\/v2\/categories?post=65085"},{"taxonomy":"post_tag","embeddable":true,"href":"https:\/\/www.actualidadadiario.com\/index.php\/wp-json\/wp\/v2\/tags?post=65085"}],"curies":[{"name":"wp","href":"https:\/\/api.w.org\/{rel}","templated":true}]}}