{"id":65082,"date":"2020-08-04T13:53:30","date_gmt":"2020-08-04T16:53:30","guid":{"rendered":"https:\/\/www.actualidadadiario.com\/?p=65082"},"modified":"2020-08-04T13:53:30","modified_gmt":"2020-08-04T16:53:30","slug":"de-pedro-se-reparo-el-enorme-dano-provocado-por-la-deuda-impagable-que-dejo-macri","status":"publish","type":"post","link":"https:\/\/www.actualidadadiario.com\/index.php\/2020\/08\/04\/de-pedro-se-reparo-el-enorme-dano-provocado-por-la-deuda-impagable-que-dejo-macri\/","title":{"rendered":"De Pedro: &#8220;Se repar\u00f3 el enorme da\u00f1o provocado por la deuda impagable que dej\u00f3 Macri&#8221;"},"content":{"rendered":"<p style=\"text-align: center;\"><em><strong>El ministro del Interior destac\u00f3 &#8220;el trabajo que hicieron el presidente Alberto Fern\u00e1ndez, la vicepresidenta Cristina Fern\u00e1ndez de Kirchner y el ministro de Econom\u00eda, Mart\u00edn Guzm\u00e1n, para defender los intereses de la Argentina&#8221;, al referirse al acuerdo con los bonistas<\/strong><\/em><\/p>\n<p>&nbsp;<\/p>\n<p>&nbsp;<\/p>\n<p>El ministro del Interior, Eduardo de Pedro, destac\u00f3 hoy &#8220;el trabajo que hicieron el presidente Alberto Fern\u00e1ndez, la vicepresidenta Cristina Fern\u00e1ndez de Kirchner y el ministro de Econom\u00eda, Mart\u00edn Guzm\u00e1n, para defender los intereses de la Argentina&#8221;, al referirse al acuerdo con los bonistas, y remarc\u00f3 que as\u00ed se repar\u00f3 &#8220;el enorme da\u00f1o provocado por la deuda impagable que dej\u00f3 Macri&#8221;.<\/p>\n<p>En su cuenta de Twitter, el funcionario destac\u00f3 que &#8220;para poder pagar, primero hay que crecer&#8221;.<\/p>\n<p>&#8220;Quiero destacar el trabajo que hicieron @alferdez, @CFKArgentina y @Martin_M_Guzman para defender los intereses de la Argentina&#8221;, tuite\u00f3 el ministro.<\/p>\n<p>Para De Pedro, la negociaci\u00f3n con los bonistas tuvo el objetivo de &#8220;reparar el enorme da\u00f1o provocado por la deuda impagable que dej\u00f3 (el expresidente Mauricio) Macri&#8221;.<\/p>\n<p>El funcionario se sum\u00f3 de esta manera a las repercusiones por el acuerdo alcanzado esta madrugada por el Gobierno nacional con los principales grupos de acreedores de la deuda p\u00fablica para canjear US$$ 66.300 millones de t\u00edtulos emitidos en el extranjero.<\/p>\n<p>La cartera que conduce Mart\u00edn Guzm\u00e1n inform\u00f3 que lleg\u00f3 a un acuerdo con los representantes del Grupo Ad Hoc de Bonistas Argentinos, el Comit\u00e9 de Acreedores de Argentina y el Grupo de Bonistas del Canje y otros tenedores.<\/p>\n","protected":false},"excerpt":{"rendered":"<p>El ministro del Interior destac\u00f3 &#8220;el trabajo que hicieron el presidente Alberto Fern\u00e1ndez, la vicepresidenta Cristina Fern\u00e1ndez de Kirchner y el ministro de Econom\u00eda, Mart\u00edn Guzm\u00e1n, para defender los intereses de la Argentina&#8221;, al referirse al acuerdo con los bonistas &nbsp; &nbsp; El ministro del Interior, Eduardo de Pedro, destac\u00f3 hoy &#8220;el trabajo que hicieron el presidente Alberto Fern\u00e1ndez, la vicepresidenta Cristina Fern\u00e1ndez de Kirchner y el ministro de Econom\u00eda, Mart\u00edn Guzm\u00e1n, para defender los intereses de la Argentina&#8221;, al referirse al acuerdo con los bonistas, y remarc\u00f3 que as\u00ed&#8230;<\/p>\n","protected":false},"author":3,"featured_media":65083,"comment_status":"closed","ping_status":"closed","sticky":false,"template":"","format":"standard","meta":[],"categories":[18],"tags":[],"_links":{"self":[{"href":"https:\/\/www.actualidadadiario.com\/index.php\/wp-json\/wp\/v2\/posts\/65082"}],"collection":[{"href":"https:\/\/www.actualidadadiario.com\/index.php\/wp-json\/wp\/v2\/posts"}],"about":[{"href":"https:\/\/www.actualidadadiario.com\/index.php\/wp-json\/wp\/v2\/types\/post"}],"author":[{"embeddable":true,"href":"https:\/\/www.actualidadadiario.com\/index.php\/wp-json\/wp\/v2\/users\/3"}],"replies":[{"embeddable":true,"href":"https:\/\/www.actualidadadiario.com\/index.php\/wp-json\/wp\/v2\/comments?post=65082"}],"version-history":[{"count":1,"href":"https:\/\/www.actualidadadiario.com\/index.php\/wp-json\/wp\/v2\/posts\/65082\/revisions"}],"predecessor-version":[{"id":65084,"href":"https:\/\/www.actualidadadiario.com\/index.php\/wp-json\/wp\/v2\/posts\/65082\/revisions\/65084"}],"wp:featuredmedia":[{"embeddable":true,"href":"https:\/\/www.actualidadadiario.com\/index.php\/wp-json\/wp\/v2\/media\/65083"}],"wp:attachment":[{"href":"https:\/\/www.actualidadadiario.com\/index.php\/wp-json\/wp\/v2\/media?parent=65082"}],"wp:term":[{"taxonomy":"category","embeddable":true,"href":"https:\/\/www.actualidadadiario.com\/index.php\/wp-json\/wp\/v2\/categories?post=65082"},{"taxonomy":"post_tag","embeddable":true,"href":"https:\/\/www.actualidadadiario.com\/index.php\/wp-json\/wp\/v2\/tags?post=65082"}],"curies":[{"name":"wp","href":"https:\/\/api.w.org\/{rel}","templated":true}]}}