{"id":65074,"date":"2020-08-04T13:51:07","date_gmt":"2020-08-04T16:51:07","guid":{"rendered":"https:\/\/www.actualidadadiario.com\/?p=65074"},"modified":"2020-08-04T13:51:07","modified_gmt":"2020-08-04T16:51:07","slug":"la-insolita-advertencia-sobre-la-reforma-judicial-firmado-por-mauricio-macri","status":"publish","type":"post","link":"https:\/\/www.actualidadadiario.com\/index.php\/2020\/08\/04\/la-insolita-advertencia-sobre-la-reforma-judicial-firmado-por-mauricio-macri\/","title":{"rendered":"La ins\u00f3lita advertencia sobre la reforma judicial firmado por Mauricio Macri"},"content":{"rendered":"<p style=\"text-align: center;\"><em><strong>La oposici\u00f3n, que se opuso a la iniciativa del gobierno nacional antes de conocer el proyecto, sostiene que se trata de \u201cuna reedici\u00f3n de la propuesta de los `90\u201d. Se queja del costo fiscal que implicar\u00edan dichas modificaciones alegando una ca\u00edda de la econom\u00eda sin precedentes. Se excusan por hacer hincapi\u00e9 \u201cen la agenda de la gente\u201d, en problemas como el desempleo, para considerar que no es necesaria<\/strong><\/em><\/p>\n<p>&nbsp;<\/p>\n<p>&nbsp;<\/p>\n<p>Con la firma de Mauricio Macri a la cabeza, Juntos por el Cambio public\u00f3 un documento donde rechaza la \u201creforma judicial\u201d. Consideran que la iniciativa del \u201cgobierno kirchnerista implica la creaci\u00f3n de una desmesurada e injustificada cantidad de cargos, cuyo costo fiscal estimamos en unos $ 4000 millones anuales\u201d.<\/p>\n<p>\u201cEn un contexto en el cual la econom\u00eda se derrumba en una escala sin precedentes, crecen el desempleo, la desigualdad y la pobreza, los esfuerzos de los tres poderes del Estado y de las fuerzas pol\u00edticas deben estar puestos en trabajar en una mejora sustancial del Estado, para hacerlo m\u00e1s productivo y en la eliminaci\u00f3n de los privilegios\u201d, remarca el texto firmado por Alfredo Cornejo, Patricia Bullrich, Maximiliano Ferraro, Mario Negri, Luis Naidenoff, Martin Lousteau, Humberto Schiavonni, Juan Manuel L\u00f3pez, Cristian Ritondo, Horacio Rodr\u00edguez Larreta y\u00a0 Miguel \u00c1ngel Pichetto.<\/p>\n<p>Consideran que \u201csemejante desconexi\u00f3n respecto de lo que deber\u00edan ser las prioridades del gobierno en el actual escenario, no tiene otra explicaci\u00f3n que la puesta en marcha de un plan de impunidad para las causas de corrupci\u00f3n que afectan a integrantes del oficialismo\u201d.<\/p>\n<p>A su entender, \u201cel proyecto enviado al Senado es contradictorio con la reforma de fondo del sistema de enjuiciamiento penal, concebida por el nuevo C\u00f3digo Procesal Penal Federal\u201d. \u201cEl sistema acusatorio demanda m\u00e1s fiscales y no m\u00e1s jueces\u201d, consideraron al tiempo que sostuvieron que \u201cla cantidad de \u00f3rganos proyectada es arbitraria y no responde a ning\u00fan estudio serio respecto de la carga de trabajo\u201d.<\/p>\n<p>En definitiva, para JxC \u201cse trata de una reedici\u00f3n agravada de las reformas de la d\u00e9cada de los noventa, cu\u00e1ndo se\u00a0 ampli\u00f3 la Corte Suprema de cinco a nueve miembros para crear la \u201cmayor\u00eda autom\u00e1tica\u201d; apareci\u00f3 el per saltum para facilitar privatizaciones irregulares; se duplicaron los cargos del fuero en lo criminal federal de la Capital para designar jueces propios, y se integr\u00f3\u00a0 la C\u00e1mara de Casaci\u00f3n con magistrados sin la capacitaci\u00f3n y la decencia que demanda el cargo\u201d.<\/p>\n<p>En este sentido, sostienen que \u201cno se superan los problemas originados por el desempe\u00f1o degradado de algunos magistrados\u00a0 creando m\u00e1s cargos, sino haciendo responder a los malos jueces por sus actos\u201d.<\/p>\n<p>\u201cPor otra parte, no podemos desconocer que la reforma se impulsa en un contexto donde funcionarios del gobierno promovieron la libertad de presos comunes y corruptos confesos\u201d, alegan los dirigentes en un contexto en el cu\u00e1l el macrismo se ve subyugado por el avance de causas en su contra.<\/p>\n<p>\u201cJuntos por el Cambio se opone a la propuesta del Poder Ejecutivo y propone la agenda de la gente, de los miles que est\u00e1n perdiendo su trabajo, de los ciudadanos que sufren la inseguridad\u00a0 y que tienen Jueces que solo se les ocurre liberar delincuentes\u201d, remarcaron.<\/p>\n","protected":false},"excerpt":{"rendered":"<p>La oposici\u00f3n, que se opuso a la iniciativa del gobierno nacional antes de conocer el proyecto, sostiene que se trata de \u201cuna reedici\u00f3n de la propuesta de los `90\u201d. Se queja del costo fiscal que implicar\u00edan dichas modificaciones alegando una ca\u00edda de la econom\u00eda sin precedentes. Se excusan por hacer hincapi\u00e9 \u201cen la agenda de la gente\u201d, en problemas como el desempleo, para considerar que no es necesaria &nbsp; &nbsp; Con la firma de Mauricio Macri a la cabeza, Juntos por el Cambio public\u00f3 un documento donde rechaza la \u201creforma&#8230;<\/p>\n","protected":false},"author":3,"featured_media":54363,"comment_status":"closed","ping_status":"closed","sticky":false,"template":"","format":"standard","meta":[],"categories":[18],"tags":[],"_links":{"self":[{"href":"https:\/\/www.actualidadadiario.com\/index.php\/wp-json\/wp\/v2\/posts\/65074"}],"collection":[{"href":"https:\/\/www.actualidadadiario.com\/index.php\/wp-json\/wp\/v2\/posts"}],"about":[{"href":"https:\/\/www.actualidadadiario.com\/index.php\/wp-json\/wp\/v2\/types\/post"}],"author":[{"embeddable":true,"href":"https:\/\/www.actualidadadiario.com\/index.php\/wp-json\/wp\/v2\/users\/3"}],"replies":[{"embeddable":true,"href":"https:\/\/www.actualidadadiario.com\/index.php\/wp-json\/wp\/v2\/comments?post=65074"}],"version-history":[{"count":1,"href":"https:\/\/www.actualidadadiario.com\/index.php\/wp-json\/wp\/v2\/posts\/65074\/revisions"}],"predecessor-version":[{"id":65075,"href":"https:\/\/www.actualidadadiario.com\/index.php\/wp-json\/wp\/v2\/posts\/65074\/revisions\/65075"}],"wp:featuredmedia":[{"embeddable":true,"href":"https:\/\/www.actualidadadiario.com\/index.php\/wp-json\/wp\/v2\/media\/54363"}],"wp:attachment":[{"href":"https:\/\/www.actualidadadiario.com\/index.php\/wp-json\/wp\/v2\/media?parent=65074"}],"wp:term":[{"taxonomy":"category","embeddable":true,"href":"https:\/\/www.actualidadadiario.com\/index.php\/wp-json\/wp\/v2\/categories?post=65074"},{"taxonomy":"post_tag","embeddable":true,"href":"https:\/\/www.actualidadadiario.com\/index.php\/wp-json\/wp\/v2\/tags?post=65074"}],"curies":[{"name":"wp","href":"https:\/\/api.w.org\/{rel}","templated":true}]}}