{"id":65058,"date":"2020-08-04T13:45:48","date_gmt":"2020-08-04T16:45:48","guid":{"rendered":"https:\/\/www.actualidadadiario.com\/?p=65058"},"modified":"2020-08-04T13:45:48","modified_gmt":"2020-08-04T16:45:48","slug":"escuelas-abiertas-en-tres-provincias","status":"publish","type":"post","link":"https:\/\/www.actualidadadiario.com\/index.php\/2020\/08\/04\/escuelas-abiertas-en-tres-provincias\/","title":{"rendered":"Escuelas abiertas en tres provincias"},"content":{"rendered":"<p style=\"text-align: center;\"><em><strong>Este lunes volvieron a las escuelas directivos, docentes y personal en Santiago del Estero y Catamarca, de cara al retorno con alumnos del 18-A. &#8220;Es un paso fundamental para todo el sistema educativo argentino&#8221;, dijo el ministro de Educaci\u00f3n, Nicol\u00e1s Trotta. El lunes, San Juan ser\u00e1 la primera en tener clases presenciales<\/strong><\/em><\/p>\n<p>&nbsp;<\/p>\n<p>&nbsp;<\/p>\n<p>El Gobierno nacional le dio fuerte relevancia al retorno este lunes a las escuelas de directivos y docentes en Santiago del Estero y Catamarca, en la recta final hacia el regreso de las clases presenciales en ambas provincias el 18 de agosto. Fue un primer escal\u00f3n concreto, durante este 3-A, hacia la nueva normalidad educativa.<\/p>\n<p>\u201cSantiago da un paso fundamental para todo el sistema educativo argentino\u201d, destac\u00f3 el ministro de Educaci\u00f3n, Nicol\u00e1s Trotta, en una definici\u00f3n en rigor extensiva tambi\u00e9n a Catamarca, la otra protagonista de la jornada.<\/p>\n<p>Trotta ancl\u00f3 el concepto, con ecos hacia el resto de los gobernadores -con los que avanza en el diagrama escalonado de retorno a las aulas en funci\u00f3n de la situaci\u00f3n epidemiol\u00f3gica- y hacia la comunidad educativa. \u201cEs un paso fundamental el poder demostrar que es posible un regreso seguro en funci\u00f3n de consensos, y aplicando protocolos con distanciamiento social y medidas de seguridad e higiene\u201d, dijo a El Liberal. Y lo reforz\u00f3 ante radio Panorama. \u201cEs fundamental para mostrar a otras provincias que se puede proyectar un regreso seguro a las aulas\u201d.<\/p>\n<p>Desde el Palacio Sarmiento, Trotta \u201cparticip\u00f3\u201d del resurgir de la actividad presencial. Por la ma\u00f1ana fue con una videoconferencia con el santiague\u00f1o Gerardo Zamora (Frente C\u00edvico) y con directores y docentes locales. Sobre el final de esta tarde, se aprestaba a hacer lo propio con el peronista catamarque\u00f1o Ra\u00fal Jalil.<\/p>\n<p>Ambos transitan la Fase 5, instancia obligatoria para poder avanzar en el retorno a las escuelas, seg\u00fan el protocolo que la cartera educativa consensu\u00f3 con provincias y gremios. Si no hay cambios epidemiol\u00f3gicos, tras este trabajo previo de docentes y personal de maestranza -para pulir el reacondicionamiento sanitario, edilicio y pedag\u00f3gico- el 18-A volver\u00e1 a las escuelas los alumnos santiague\u00f1os de los \u00faltimos a\u00f1os de primaria y secundaria, mientras que en el caso catamarque\u00f1o ser\u00e1n los de escuelas rurales. \u201cSantiago es un ejemplo de c\u00f3mo se ha administrado la pandemia en la Argentina, y eso le est\u00e1 permitiendo, cumpliendo los protocolos y en acuerdo entre la provincia y el Gobierno nacional, un regreso escalonado y cuidadoso al aula\u201d, recalc\u00f3 este lunes Trotta.<\/p>\n<p>El lote de provincias pioneras tiene en el podio a San Juan: Sergio U\u00f1ac tiene el aval nacional para reactivar las clases el pr\u00f3ximo lunes. Ser\u00e1 la primera en hacerlo, con alumnos de los \u00faltimos a\u00f1os del primario, secundario y educaci\u00f3n superior en 14 de los 19 departamentos. Y precalienta Santa Fe, con fines de agosto en la mira para el regreso a clases presenciales en unas 400 escuelas de peque\u00f1as localidades del centro norte provincial. Este lunes arrancaron dos semanas de capacitaci\u00f3n docente para esta nueva normalidad educativa, por lo cual los alumnos -se defini\u00f3- no contar\u00e1n con clases virtuales.<\/p>\n<p>Pero el camino tiene aristas sin por resolver. Por caso, en Catamarca la Intersindical Docente advirti\u00f3 este lunes sobre fallas que persisten a\u00fan en las condiciones de seguridad sanitaria para encarar el retorno a las aulas.<\/p>\n","protected":false},"excerpt":{"rendered":"<p>Este lunes volvieron a las escuelas directivos, docentes y personal en Santiago del Estero y Catamarca, de cara al retorno con alumnos del 18-A. &#8220;Es un paso fundamental para todo el sistema educativo argentino&#8221;, dijo el ministro de Educaci\u00f3n, Nicol\u00e1s Trotta. El lunes, San Juan ser\u00e1 la primera en tener clases presenciales &nbsp; &nbsp; El Gobierno nacional le dio fuerte relevancia al retorno este lunes a las escuelas de directivos y docentes en Santiago del Estero y Catamarca, en la recta final hacia el regreso de las clases presenciales en&#8230;<\/p>\n","protected":false},"author":3,"featured_media":62577,"comment_status":"closed","ping_status":"closed","sticky":false,"template":"","format":"standard","meta":[],"categories":[2],"tags":[],"_links":{"self":[{"href":"https:\/\/www.actualidadadiario.com\/index.php\/wp-json\/wp\/v2\/posts\/65058"}],"collection":[{"href":"https:\/\/www.actualidadadiario.com\/index.php\/wp-json\/wp\/v2\/posts"}],"about":[{"href":"https:\/\/www.actualidadadiario.com\/index.php\/wp-json\/wp\/v2\/types\/post"}],"author":[{"embeddable":true,"href":"https:\/\/www.actualidadadiario.com\/index.php\/wp-json\/wp\/v2\/users\/3"}],"replies":[{"embeddable":true,"href":"https:\/\/www.actualidadadiario.com\/index.php\/wp-json\/wp\/v2\/comments?post=65058"}],"version-history":[{"count":1,"href":"https:\/\/www.actualidadadiario.com\/index.php\/wp-json\/wp\/v2\/posts\/65058\/revisions"}],"predecessor-version":[{"id":65059,"href":"https:\/\/www.actualidadadiario.com\/index.php\/wp-json\/wp\/v2\/posts\/65058\/revisions\/65059"}],"wp:featuredmedia":[{"embeddable":true,"href":"https:\/\/www.actualidadadiario.com\/index.php\/wp-json\/wp\/v2\/media\/62577"}],"wp:attachment":[{"href":"https:\/\/www.actualidadadiario.com\/index.php\/wp-json\/wp\/v2\/media?parent=65058"}],"wp:term":[{"taxonomy":"category","embeddable":true,"href":"https:\/\/www.actualidadadiario.com\/index.php\/wp-json\/wp\/v2\/categories?post=65058"},{"taxonomy":"post_tag","embeddable":true,"href":"https:\/\/www.actualidadadiario.com\/index.php\/wp-json\/wp\/v2\/tags?post=65058"}],"curies":[{"name":"wp","href":"https:\/\/api.w.org\/{rel}","templated":true}]}}