{"id":65048,"date":"2020-08-04T13:27:38","date_gmt":"2020-08-04T16:27:38","guid":{"rendered":"https:\/\/www.actualidadadiario.com\/?p=65048"},"modified":"2020-08-04T13:27:38","modified_gmt":"2020-08-04T16:27:38","slug":"20-nuevos-casos-de-coronavirus-en-la-provincia","status":"publish","type":"post","link":"https:\/\/www.actualidadadiario.com\/index.php\/2020\/08\/04\/20-nuevos-casos-de-coronavirus-en-la-provincia\/","title":{"rendered":"20 nuevos casos de coronavirus en la provincia"},"content":{"rendered":"<p style=\"text-align: center;\"><em><strong>El \u00e1rea de Vigilancia Epidemiol\u00f3gica del Ministerio de Salud, confirm\u00f3 que este martes en Entre R\u00edos se registraron 20 nuevos casos de coronavirus<\/strong><\/em><\/p>\n<p>&nbsp;<\/p>\n<p>&nbsp;<\/p>\n<p>Los primeros 16 fueron detectados en el Departamento Paran\u00e1, 13 de ellos pertenecen a la ciudad capital, de los cuales siete tuvieron contacto estrecho con casos Covid-19 confirmados con anterioridad, y los otros seis sus respectivos nexos epidemiol\u00f3gicos se encuentran en estudio. Otros dos pertenecen a la localidad de San Benito, uno est\u00e1 relacionado con otro paciente confirmado con Covid-19 y el restante su nexo se encuentra en estudio. El \u00faltimo fue confirmado en Colonia Avellaneda y su nexo epidemiol\u00f3gico se encuentra en investigaci\u00f3n.<\/p>\n<p>Los siguientes dos casos corresponden a la ciudad de Gualeguaych\u00fa, de los cuales sus nexos epidemiol\u00f3gicos se encuentran en investigaci\u00f3n.<\/p>\n<p>Asimismo, un caso confirmado corresponde a la ciudad de Col\u00f3n y es procedente de provincia con transmisi\u00f3n comunitaria, Buenos Aires.<\/p>\n<p>Finalmente, el \u00faltimo caso es un habitante de la ciudad de Gualeguay y es contacto estrecho de paciente con Covid-19 .<\/p>\n<p>De ese modo, en la provincia son 885 los casos confirmados.<\/p>\n","protected":false},"excerpt":{"rendered":"<p>El \u00e1rea de Vigilancia Epidemiol\u00f3gica del Ministerio de Salud, confirm\u00f3 que este martes en Entre R\u00edos se registraron 20 nuevos casos de coronavirus &nbsp; &nbsp; Los primeros 16 fueron detectados en el Departamento Paran\u00e1, 13 de ellos pertenecen a la ciudad capital, de los cuales siete tuvieron contacto estrecho con casos Covid-19 confirmados con anterioridad, y los otros seis sus respectivos nexos epidemiol\u00f3gicos se encuentran en estudio. Otros dos pertenecen a la localidad de San Benito, uno est\u00e1 relacionado con otro paciente confirmado con Covid-19 y el restante su nexo&#8230;<\/p>\n","protected":false},"author":3,"featured_media":64106,"comment_status":"closed","ping_status":"closed","sticky":false,"template":"","format":"standard","meta":[],"categories":[9,15],"tags":[],"_links":{"self":[{"href":"https:\/\/www.actualidadadiario.com\/index.php\/wp-json\/wp\/v2\/posts\/65048"}],"collection":[{"href":"https:\/\/www.actualidadadiario.com\/index.php\/wp-json\/wp\/v2\/posts"}],"about":[{"href":"https:\/\/www.actualidadadiario.com\/index.php\/wp-json\/wp\/v2\/types\/post"}],"author":[{"embeddable":true,"href":"https:\/\/www.actualidadadiario.com\/index.php\/wp-json\/wp\/v2\/users\/3"}],"replies":[{"embeddable":true,"href":"https:\/\/www.actualidadadiario.com\/index.php\/wp-json\/wp\/v2\/comments?post=65048"}],"version-history":[{"count":1,"href":"https:\/\/www.actualidadadiario.com\/index.php\/wp-json\/wp\/v2\/posts\/65048\/revisions"}],"predecessor-version":[{"id":65049,"href":"https:\/\/www.actualidadadiario.com\/index.php\/wp-json\/wp\/v2\/posts\/65048\/revisions\/65049"}],"wp:featuredmedia":[{"embeddable":true,"href":"https:\/\/www.actualidadadiario.com\/index.php\/wp-json\/wp\/v2\/media\/64106"}],"wp:attachment":[{"href":"https:\/\/www.actualidadadiario.com\/index.php\/wp-json\/wp\/v2\/media?parent=65048"}],"wp:term":[{"taxonomy":"category","embeddable":true,"href":"https:\/\/www.actualidadadiario.com\/index.php\/wp-json\/wp\/v2\/categories?post=65048"},{"taxonomy":"post_tag","embeddable":true,"href":"https:\/\/www.actualidadadiario.com\/index.php\/wp-json\/wp\/v2\/tags?post=65048"}],"curies":[{"name":"wp","href":"https:\/\/api.w.org\/{rel}","templated":true}]}}